{"id":82971,"date":"2011-02-27T00:17:48","date_gmt":"2011-02-27T00:17:48","guid":{"rendered":"http:\/\/www.fuldaer-nachrichten.de\/?p=82971"},"modified":"2011-02-27T16:17:56","modified_gmt":"2011-02-27T16:17:56","slug":"schwenninger-bkk-wird-die-schwenninger-krankenkasse","status":"publish","type":"post","link":"https:\/\/www.fuldaernachrichten.de\/?p=82971","title":{"rendered":"Schwenninger BKK wird \u201eDie Schwenninger Krankenkasse\u201c"},"content":{"rendered":"<p><strong>Villingen-Schwenningen. <\/strong>Die Schwenninger BKK hat einen neuen Namen: Vom 1. M\u00e4rz an tritt sie als \u201eDie Schwenninger Krankenkasse\u201c auf und wird damit ihrem eigenst\u00e4ndigen Profil gerecht. Als traditionsbewusste Kasse geh\u00f6rt die \u201eSchwenninger\u201c zwar nach wie vor zum bew\u00e4hrten System der Betriebskrankenkassen. Doch mit dem neuen Namen wird noch deutlicher, dass die Krankenkasse mit ihren transparenten Leistungen, individuellen Angeboten und mehrfach ausgezeichnetem Kundenservice eigene Wege geht \u2013 und so das sich wandelnde Gesundheitssystem aktiv und nachhaltig mitgestaltet. <!--more--><\/p>\n<p>\u201eWir haben eine genaue Vorstellung davon, wie optimale Gesundheitsversorgung und Pr\u00e4vention aussehen m\u00fcssen und setzen diese gezielt um. Dazu bringen wir unsere Vorschl\u00e4ge und Ideen auch an den entscheidenden Stellen in Politik, Wirtschaft und Verb\u00e4nden ein. Eine eigenst\u00e4ndige Marke hilft uns dabei, k\u00fcnftig noch erfolgreicher Akzente zu setzen und Vorteile f\u00fcr unsere Kunden zu schaffen. Mit der Umbenennung wird schon auf den ersten Blick deutlich erkennbar, um welche Krankenkasse es sich handelt\u201c, sagt Siegfried G\u00e4nsler, Vorsitzender des Vorstandes.<\/p>\n","protected":false},"excerpt":{"rendered":"<div class=\"tmnf_excerpt\"><p>Villingen-Schwenningen. Die Schwenninger BKK hat einen neuen Namen: Vom 1. M\u00e4rz an tritt sie als \u201eDie Schwenninger Krankenkasse\u201c auf und wird damit ihrem eigenst\u00e4ndigen Profil gerecht. Als traditionsbewusste Kasse geh\u00f6rt die \u201eSchwenninger\u201c zwar nach wie vor zum bew\u00e4hrten System der Betriebskrankenkassen. Doch mit dem neuen Namen wird noch deutlicher, dass die Krankenkasse mit ihren transparenten &hellip;<\/p>\n<\/div>","protected":false},"author":1,"featured_media":0,"comment_status":"closed","ping_status":"closed","sticky":false,"template":"","format":"standard","meta":{"footnotes":""},"categories":[1],"tags":[],"class_list":["post-82971","post","type-post","status-publish","format-standard","hentry","category-startseite"],"_links":{"self":[{"href":"https:\/\/www.fuldaernachrichten.de\/index.php?rest_route=\/wp\/v2\/posts\/82971","targetHints":{"allow":["GET"]}}],"collection":[{"href":"https:\/\/www.fuldaernachrichten.de\/index.php?rest_route=\/wp\/v2\/posts"}],"about":[{"href":"https:\/\/www.fuldaernachrichten.de\/index.php?rest_route=\/wp\/v2\/types\/post"}],"author":[{"embeddable":true,"href":"https:\/\/www.fuldaernachrichten.de\/index.php?rest_route=\/wp\/v2\/users\/1"}],"replies":[{"embeddable":true,"href":"https:\/\/www.fuldaernachrichten.de\/index.php?rest_route=%2Fwp%2Fv2%2Fcomments&post=82971"}],"version-history":[{"count":0,"href":"https:\/\/www.fuldaernachrichten.de\/index.php?rest_route=\/wp\/v2\/posts\/82971\/revisions"}],"wp:attachment":[{"href":"https:\/\/www.fuldaernachrichten.de\/index.php?rest_route=%2Fwp%2Fv2%2Fmedia&parent=82971"}],"wp:term":[{"taxonomy":"category","embeddable":true,"href":"https:\/\/www.fuldaernachrichten.de\/index.php?rest_route=%2Fwp%2Fv2%2Fcategories&post=82971"},{"taxonomy":"post_tag","embeddable":true,"href":"https:\/\/www.fuldaernachrichten.de\/index.php?rest_route=%2Fwp%2Fv2%2Ftags&post=82971"}],"curies":[{"name":"wp","href":"https:\/\/api.w.org\/{rel}","templated":true}]}}