{"id":82940,"date":"2011-02-25T00:02:14","date_gmt":"2011-02-25T00:02:14","guid":{"rendered":"http:\/\/www.fuldaer-nachrichten.de\/?p=82940"},"modified":"2011-02-25T07:03:57","modified_gmt":"2011-02-25T07:03:57","slug":"200-000-euro-bewilligungsbescheid-fuer-kletterhalle-dr-wingenfeld-wichtiges-etappenziel-ist-erreicht","status":"publish","type":"post","link":"https:\/\/www.fuldaernachrichten.de\/?p=82940","title":{"rendered":"200.000 Euro-Bewilligungsbescheid f\u00fcr Kletterhalle &#8211; Dr. Wingenfeld: \u201eWichtiges Etappenziel ist erreicht\u201c"},"content":{"rendered":"<p><strong><a href=\"http:\/\/www.fuldaer-nachrichten.de\/wp-content\/uploads\/2011\/02\/110224_Landkreis36.jpg\"><img decoding=\"async\" class=\"alignleft size-thumbnail wp-image-82956\" title=\"110224_Landkreis36\" src=\"http:\/\/www.fuldaer-nachrichten.de\/wp-content\/uploads\/2011\/02\/110224_Landkreis36.jpg\" alt=\"\" width=\"560\" srcset=\"https:\/\/www.fuldaernachrichten.de\/wp-content\/uploads\/2011\/02\/110224_Landkreis36.jpg 592w, https:\/\/www.fuldaernachrichten.de\/wp-content\/uploads\/2011\/02\/110224_Landkreis36-265x176.jpg 265w\" sizes=\"(max-width: 592px) 100vw, 592px\" \/><\/a><\/strong><\/p>\n<p><strong>Fulda\/Petersberg. <\/strong>Mit der Kletterhalle des Fuldaer Alpenvereins auf dem Gel\u00e4nde der Konrad-Adenauer-Schule in Petersberg wird die Region um eine Attraktion reicher. Im\u00c2\u00a0 Umkreis von einhundert Kilometer gibt es keine vergleichbare Einrichtung. In diesem Urteil waren sich alle Anwesenden einig, als der Hessische Staatsminister des Inneren und f\u00fcr Sport, Boris Rhein, im gro\u00dfen Sitzungssaal des Kreishauses den Bewilligungsbescheid \u00fcber eine Landeszuwendung von 200.000 Euro an den Vorsitzenden der Fuldaer Sektion des Deutschen Alpenvereins, Norbert Weber, \u00fcberreichte.<\/p>\n<p><strong>Fotos (35): Max Colin Heydenreich<\/strong><!--more--><\/p>\n<p>Vize-Landrat Dr. Heiko Wingenfeld, der neben einer zahlenm\u00e4\u00dfig starken Abordnung des Alpenvereins Vertreter von Kommunalpolitik, Sport und Schulen begr\u00fc\u00dfen konnte, freute sich, dass nach zweij\u00e4hrigen Diskussionen vor allem um den endg\u00fcltigen Standort der Kletterhalle und offene Finanzierungsfragen mit der \u00dcberreichung der Landeszuwendung ein wichtiges Etappenziel erreicht worden sei. \u201eWir befinden uns jetzt auf der Zielgeraden.\u201c Die Beteiligten an dem interkommunalen Projekt \u2013 der Landkreis und die Stadt Fulda sowie die Gemeinde Petersberg \u2013 h\u00e4tten an einem Strang gezogen. Dr. Wingenfeld dankte ausdr\u00fccklich der Sparkasse Fulda f\u00fcr ihr finanzielles Engagement. Nach den Worten des Ersten Kreisbeigeordneten f\u00f6rdere Klettern insbesondere Selbstvertrauen, Selbsteinsch\u00e4tzung sowie Teamf\u00e4higkeit und sei deshalb auch f\u00fcr den Schulsport wichtig.<\/p>\n<p><a title=\"Foto: Max Colin Heydenreich\" rel=\"lightbox[roadtrip]\" href=\"..\/wp-content\/uploads\/2011\/02\/110224_Landkreis_029.jpg\" target=\"_blank\"><img decoding=\"async\" src=\"..\/wp-content\/uploads\/2011\/02\/110224_Landkreis_029.thumbnail.jpg\" alt=\"110224_Landkreis_029.jpg\" width=\"265\" \/><\/a> <a title=\"Foto: Max Colin Heydenreich\" rel=\"lightbox[roadtrip]\" href=\"..\/wp-content\/uploads\/2011\/02\/110224_Landkreis_031.jpg\" target=\"_blank\"><img decoding=\"async\" src=\"..\/wp-content\/uploads\/2011\/02\/110224_Landkreis_031.thumbnail.jpg\" alt=\"110224_Landkreis_031.jpg\" width=\"265\" \/><\/a><\/p>\n<p>Fuldas Oberb\u00fcrgermeister Gerhard M\u00f6ller begl\u00fcckw\u00fcnschte den Alpenverein zu einem \u00fcberregionalen Anziehungspunkt, der die lange Wegstrecke bis zu dessen nun absehbarer Verwirklichung rechtfertige. B\u00fcrgermeister Karl-Josef Schwiddessen sprach ebenfalls von einer Bereicherung der Freizeitm\u00f6glichkeiten in der Region. Innenminister Rhein zeigte sich begeistert, was der Alpenverein mit ehrenamtlichem Einsatz in einem breit gef\u00e4cherten Aufgabengebiet &#8211; vom Sport, \u00fcber die Landschaftspflege bis hin zur Tourismusf\u00f6rderung, aber auch f\u00fcr den sozialen Zusammenhalt der Gesellschaft &#8211; leiste. Die \u00f6ffentliche Hand k\u00f6nne immer nur Rahmenbedingungen vorgeben und finanzielle Hilfen vor allem bei der Schaffung von Infrastruktureinrichtungen gew\u00e4hren. Rhein: \u201eJeder Euro, der in sportliche Angebote gerade f\u00fcr die Jugend investiert wird, kommt um ein Vielfaches zur\u00fcck\u201c.<\/p>\n<p><a title=\"Foto: Max Colin Heydenreich\" rel=\"lightbox[roadtrip]\" href=\"..\/wp-content\/uploads\/2011\/02\/110224_Landkreis_026.jpg\" target=\"_blank\"><img decoding=\"async\" src=\"..\/wp-content\/uploads\/2011\/02\/110224_Landkreis_026.thumbnail.jpg\" alt=\"110224_Landkreis_026.jpg\" width=\"265\" \/><\/a> <a title=\"Foto: Max Colin Heydenreich\" rel=\"lightbox[roadtrip]\" href=\"..\/wp-content\/uploads\/2011\/02\/110224_Landkreis_027.jpg\" target=\"_blank\"><img decoding=\"async\" src=\"..\/wp-content\/uploads\/2011\/02\/110224_Landkreis_027.thumbnail.jpg\" alt=\"110224_Landkreis_027.jpg\" width=\"265\" \/><\/a><\/p>\n<p>Norbert Weber, Vorsitzender des mit 2.700 Mitgliedern gr\u00f6\u00dften Sportvereins im Landkreis Fulda, dankte allen F\u00f6rderern der neuen Kletterhalle, die das 1,1 Millionen Euro teuere Projekt trotz angespannter Finanzlage unterst\u00fctzt h\u00e4tten. Es sei sch\u00f6n, dass die Kletterhalle in diesem Jahr gebaut werde, wenn die Fuldaer Sektion des Deutschen Alpenvereins ihr 125-j\u00e4hriges Jubil\u00e4um begehen k\u00f6nne. Der Beginn der Bauma\u00dfnahme solle im Fr\u00fchjahr, die Fertigstellung voraussichtlich im kommenden November sein. Weber bezeichnete ebenso wie nach ihm Nikolaus Adora vom Hauptvorstand des Deutschen Alpenvereins das Klettern als absolute Trendsportart, die besondere junge Leute begeistere. Sie sei fast schon zum Breitensport geworden und habe wesentlichen Anteil an Zuwachsraten von bis zu zwanzig Prozent bei den Mitgliederzahlen einzelner Sektionen des Alpenvereins.<\/p>\n<p><a title=\"Foto: Max Colin Heydenreich\" rel=\"lightbox[roadtrip]\" href=\"http:\/\/www.fuldaer-nachrichten.de\/wp-content\/uploads\/2011\/02\/110224_Landkreis_001.jpg\" target=\"_blank\"><img decoding=\"async\" src=\"http:\/\/www.fuldaer-nachrichten.de\/wp-content\/uploads\/2011\/02\/110224_Landkreis_001.thumbnail.jpg\" alt=\"110224_Landkreis_001.jpg\" width=\"265\" \/><\/a> <a title=\"Foto: Max Colin Heydenreich\" rel=\"lightbox[roadtrip]\" href=\"http:\/\/www.fuldaer-nachrichten.de\/wp-content\/uploads\/2011\/02\/110224_Landkreis_002.jpg\" target=\"_blank\"><img decoding=\"async\" src=\"http:\/\/www.fuldaer-nachrichten.de\/wp-content\/uploads\/2011\/02\/110224_Landkreis_002.thumbnail.jpg\" alt=\"110224_Landkreis_002.jpg\" width=\"265\" \/><\/a><\/p>\n<p><a title=\"Foto: Max Colin Heydenreich\" rel=\"lightbox[roadtrip]\" href=\"http:\/\/www.fuldaer-nachrichten.de\/wp-content\/uploads\/2011\/02\/110224_Landkreis_003.jpg\" target=\"_blank\"><img decoding=\"async\" src=\"http:\/\/www.fuldaer-nachrichten.de\/wp-content\/uploads\/2011\/02\/110224_Landkreis_003.thumbnail.jpg\" alt=\"110224_Landkreis_003.jpg\" width=\"265\" \/><\/a> <a title=\"Foto: Max Colin Heydenreich\" rel=\"lightbox[roadtrip]\" href=\"http:\/\/www.fuldaer-nachrichten.de\/wp-content\/uploads\/2011\/02\/110224_Landkreis_004.jpg\" target=\"_blank\"><img decoding=\"async\" src=\"http:\/\/www.fuldaer-nachrichten.de\/wp-content\/uploads\/2011\/02\/110224_Landkreis_004.thumbnail.jpg\" alt=\"110224_Landkreis_004.jpg\" width=\"265\" \/><\/a><\/p>\n<p><a title=\"Foto: Max Colin Heydenreich\" rel=\"lightbox[roadtrip]\" href=\"http:\/\/www.fuldaer-nachrichten.de\/wp-content\/uploads\/2011\/02\/110224_Landkreis_005.jpg\" target=\"_blank\"><img decoding=\"async\" src=\"http:\/\/www.fuldaer-nachrichten.de\/wp-content\/uploads\/2011\/02\/110224_Landkreis_005.thumbnail.jpg\" alt=\"110224_Landkreis_005.jpg\" width=\"265\" \/><\/a> <a title=\"Foto: Max Colin Heydenreich\" rel=\"lightbox[roadtrip]\" href=\"http:\/\/www.fuldaer-nachrichten.de\/wp-content\/uploads\/2011\/02\/110224_Landkreis_006.jpg\" target=\"_blank\"><img decoding=\"async\" src=\"http:\/\/www.fuldaer-nachrichten.de\/wp-content\/uploads\/2011\/02\/110224_Landkreis_006.thumbnail.jpg\" alt=\"110224_Landkreis_006.jpg\" width=\"265\" \/><\/a><\/p>\n<p><a title=\"Foto: Max Colin Heydenreich\" rel=\"lightbox[roadtrip]\" href=\"http:\/\/www.fuldaer-nachrichten.de\/wp-content\/uploads\/2011\/02\/110224_Landkreis_007.jpg\" target=\"_blank\"><img decoding=\"async\" src=\"http:\/\/www.fuldaer-nachrichten.de\/wp-content\/uploads\/2011\/02\/110224_Landkreis_007.thumbnail.jpg\" alt=\"110224_Landkreis_007.jpg\" width=\"265\" \/><\/a> <a title=\"Foto: Max Colin Heydenreich\" rel=\"lightbox[roadtrip]\" href=\"http:\/\/www.fuldaer-nachrichten.de\/wp-content\/uploads\/2011\/02\/110224_Landkreis_008.jpg\" target=\"_blank\"><img decoding=\"async\" src=\"http:\/\/www.fuldaer-nachrichten.de\/wp-content\/uploads\/2011\/02\/110224_Landkreis_008.thumbnail.jpg\" alt=\"110224_Landkreis_008.jpg\" width=\"265\" \/><\/a><\/p>\n<p><a title=\"Foto: Max Colin Heydenreich\" rel=\"lightbox[roadtrip]\" href=\"http:\/\/www.fuldaer-nachrichten.de\/wp-content\/uploads\/2011\/02\/110224_Landkreis_009.jpg\" target=\"_blank\"><img decoding=\"async\" src=\"http:\/\/www.fuldaer-nachrichten.de\/wp-content\/uploads\/2011\/02\/110224_Landkreis_009.thumbnail.jpg\" alt=\"110224_Landkreis_009.jpg\" width=\"265\" \/><\/a> <a title=\"Foto: Max Colin Heydenreich\" rel=\"lightbox[roadtrip]\" href=\"http:\/\/www.fuldaer-nachrichten.de\/wp-content\/uploads\/2011\/02\/110224_Landkreis_010.jpg\" target=\"_blank\"><img decoding=\"async\" src=\"http:\/\/www.fuldaer-nachrichten.de\/wp-content\/uploads\/2011\/02\/110224_Landkreis_010.thumbnail.jpg\" alt=\"110224_Landkreis_010.jpg\" width=\"265\" \/><\/a><\/p>\n<p><a title=\"Foto: Max Colin Heydenreich\" rel=\"lightbox[roadtrip]\" href=\"http:\/\/www.fuldaer-nachrichten.de\/wp-content\/uploads\/2011\/02\/110224_Landkreis_011.jpg\" target=\"_blank\"><img decoding=\"async\" src=\"http:\/\/www.fuldaer-nachrichten.de\/wp-content\/uploads\/2011\/02\/110224_Landkreis_011.thumbnail.jpg\" alt=\"110224_Landkreis_011.jpg\" width=\"265\" \/><\/a> <a title=\"Foto: Max Colin Heydenreich\" rel=\"lightbox[roadtrip]\" href=\"http:\/\/www.fuldaer-nachrichten.de\/wp-content\/uploads\/2011\/02\/110224_Landkreis_012.jpg\" target=\"_blank\"><img decoding=\"async\" src=\"http:\/\/www.fuldaer-nachrichten.de\/wp-content\/uploads\/2011\/02\/110224_Landkreis_012.thumbnail.jpg\" alt=\"110224_Landkreis_012.jpg\" width=\"265\" \/><\/a><\/p>\n<p><a title=\"Foto: Max Colin Heydenreich\" rel=\"lightbox[roadtrip]\" href=\"http:\/\/www.fuldaer-nachrichten.de\/wp-content\/uploads\/2011\/02\/110224_Landkreis_013.jpg\" target=\"_blank\"><img decoding=\"async\" src=\"http:\/\/www.fuldaer-nachrichten.de\/wp-content\/uploads\/2011\/02\/110224_Landkreis_013.thumbnail.jpg\" alt=\"110224_Landkreis_013.jpg\" width=\"265\" \/><\/a> <a title=\"Foto: Max Colin Heydenreich\" rel=\"lightbox[roadtrip]\" href=\"http:\/\/www.fuldaer-nachrichten.de\/wp-content\/uploads\/2011\/02\/110224_Landkreis_014.jpg\" target=\"_blank\"><img decoding=\"async\" src=\"http:\/\/www.fuldaer-nachrichten.de\/wp-content\/uploads\/2011\/02\/110224_Landkreis_014.thumbnail.jpg\" alt=\"110224_Landkreis_014.jpg\" width=\"265\" \/><\/a><\/p>\n<p><a title=\"Foto: Max Colin Heydenreich\" rel=\"lightbox[roadtrip]\" href=\"http:\/\/www.fuldaer-nachrichten.de\/wp-content\/uploads\/2011\/02\/110224_Landkreis_015.jpg\" target=\"_blank\"><img decoding=\"async\" src=\"http:\/\/www.fuldaer-nachrichten.de\/wp-content\/uploads\/2011\/02\/110224_Landkreis_015.thumbnail.jpg\" alt=\"110224_Landkreis_015.jpg\" width=\"265\" \/><\/a> <a title=\"Foto: Max Colin Heydenreich\" rel=\"lightbox[roadtrip]\" href=\"http:\/\/www.fuldaer-nachrichten.de\/wp-content\/uploads\/2011\/02\/110224_Landkreis_016.jpg\" target=\"_blank\"><img decoding=\"async\" src=\"http:\/\/www.fuldaer-nachrichten.de\/wp-content\/uploads\/2011\/02\/110224_Landkreis_016.thumbnail.jpg\" alt=\"110224_Landkreis_016.jpg\" width=\"265\" \/><\/a><\/p>\n<p><a title=\"Foto: Max Colin Heydenreich\" rel=\"lightbox[roadtrip]\" href=\"http:\/\/www.fuldaer-nachrichten.de\/wp-content\/uploads\/2011\/02\/110224_Landkreis_017.jpg\" target=\"_blank\"><img decoding=\"async\" src=\"http:\/\/www.fuldaer-nachrichten.de\/wp-content\/uploads\/2011\/02\/110224_Landkreis_017.thumbnail.jpg\" alt=\"110224_Landkreis_017.jpg\" width=\"265\" \/><\/a> <a title=\"Foto: Max Colin Heydenreich\" rel=\"lightbox[roadtrip]\" href=\"http:\/\/www.fuldaer-nachrichten.de\/wp-content\/uploads\/2011\/02\/110224_Landkreis_018.jpg\" target=\"_blank\"><img decoding=\"async\" src=\"http:\/\/www.fuldaer-nachrichten.de\/wp-content\/uploads\/2011\/02\/110224_Landkreis_018.thumbnail.jpg\" alt=\"110224_Landkreis_018.jpg\" width=\"265\" \/><\/a><\/p>\n<p><a title=\"Foto: Max Colin Heydenreich\" rel=\"lightbox[roadtrip]\" href=\"http:\/\/www.fuldaer-nachrichten.de\/wp-content\/uploads\/2011\/02\/110224_Landkreis_019.jpg\" target=\"_blank\"><img decoding=\"async\" src=\"http:\/\/www.fuldaer-nachrichten.de\/wp-content\/uploads\/2011\/02\/110224_Landkreis_019.thumbnail.jpg\" alt=\"110224_Landkreis_019.jpg\" width=\"265\" \/><\/a> <a title=\"Foto: Max Colin Heydenreich\" rel=\"lightbox[roadtrip]\" href=\"http:\/\/www.fuldaer-nachrichten.de\/wp-content\/uploads\/2011\/02\/110224_Landkreis_020.jpg\" target=\"_blank\"><img decoding=\"async\" src=\"http:\/\/www.fuldaer-nachrichten.de\/wp-content\/uploads\/2011\/02\/110224_Landkreis_020.thumbnail.jpg\" alt=\"110224_Landkreis_020.jpg\" width=\"265\" \/><\/a><\/p>\n<p><a title=\"Foto: Max Colin Heydenreich\" rel=\"lightbox[roadtrip]\" href=\"http:\/\/www.fuldaer-nachrichten.de\/wp-content\/uploads\/2011\/02\/110224_Landkreis_021.jpg\" target=\"_blank\"><img decoding=\"async\" src=\"http:\/\/www.fuldaer-nachrichten.de\/wp-content\/uploads\/2011\/02\/110224_Landkreis_021.thumbnail.jpg\" alt=\"110224_Landkreis_021.jpg\" width=\"265\" \/><\/a> <a title=\"Foto: Max Colin Heydenreich\" rel=\"lightbox[roadtrip]\" href=\"http:\/\/www.fuldaer-nachrichten.de\/wp-content\/uploads\/2011\/02\/110224_Landkreis_022.jpg\" target=\"_blank\"><img decoding=\"async\" src=\"http:\/\/www.fuldaer-nachrichten.de\/wp-content\/uploads\/2011\/02\/110224_Landkreis_022.thumbnail.jpg\" alt=\"110224_Landkreis_022.jpg\" width=\"265\" \/><\/a><\/p>\n<p><a title=\"Foto: Max Colin Heydenreich\" rel=\"lightbox[roadtrip]\" href=\"http:\/\/www.fuldaer-nachrichten.de\/wp-content\/uploads\/2011\/02\/110224_Landkreis_023.jpg\" target=\"_blank\"><img decoding=\"async\" src=\"http:\/\/www.fuldaer-nachrichten.de\/wp-content\/uploads\/2011\/02\/110224_Landkreis_023.thumbnail.jpg\" alt=\"110224_Landkreis_023.jpg\" width=\"265\" \/><\/a> <a title=\"Foto: Max Colin Heydenreich\" rel=\"lightbox[roadtrip]\" href=\"http:\/\/www.fuldaer-nachrichten.de\/wp-content\/uploads\/2011\/02\/110224_Landkreis_024.jpg\" target=\"_blank\"><img decoding=\"async\" src=\"http:\/\/www.fuldaer-nachrichten.de\/wp-content\/uploads\/2011\/02\/110224_Landkreis_024.thumbnail.jpg\" alt=\"110224_Landkreis_024.jpg\" width=\"265\" \/><\/a><\/p>\n<p><a title=\"Foto: Max Colin Heydenreich\" rel=\"lightbox[roadtrip]\" href=\"http:\/\/www.fuldaer-nachrichten.de\/wp-content\/uploads\/2011\/02\/110224_Landkreis_025.jpg\" target=\"_blank\"><img decoding=\"async\" src=\"http:\/\/www.fuldaer-nachrichten.de\/wp-content\/uploads\/2011\/02\/110224_Landkreis_025.thumbnail.jpg\" alt=\"110224_Landkreis_025.jpg\" width=\"265\" \/><\/a> <a title=\"Foto: Max Colin Heydenreich\" rel=\"lightbox[roadtrip]\" href=\"http:\/\/www.fuldaer-nachrichten.de\/wp-content\/uploads\/2011\/02\/110224_Landkreis_026.jpg\" target=\"_blank\"><img decoding=\"async\" src=\"http:\/\/www.fuldaer-nachrichten.de\/wp-content\/uploads\/2011\/02\/110224_Landkreis_026.thumbnail.jpg\" alt=\"110224_Landkreis_026.jpg\" width=\"265\" \/><\/a><\/p>\n<p><a title=\"Foto: Max Colin Heydenreich\" rel=\"lightbox[roadtrip]\" href=\"http:\/\/www.fuldaer-nachrichten.de\/wp-content\/uploads\/2011\/02\/110224_Landkreis_027.jpg\" target=\"_blank\"><img decoding=\"async\" src=\"http:\/\/www.fuldaer-nachrichten.de\/wp-content\/uploads\/2011\/02\/110224_Landkreis_027.thumbnail.jpg\" alt=\"110224_Landkreis_027.jpg\" width=\"265\" \/><\/a> <a title=\"Foto: Max Colin Heydenreich\" rel=\"lightbox[roadtrip]\" href=\"http:\/\/www.fuldaer-nachrichten.de\/wp-content\/uploads\/2011\/02\/110224_Landkreis_028.jpg\" target=\"_blank\"><img decoding=\"async\" src=\"http:\/\/www.fuldaer-nachrichten.de\/wp-content\/uploads\/2011\/02\/110224_Landkreis_028.thumbnail.jpg\" alt=\"110224_Landkreis_028.jpg\" width=\"265\" \/><\/a><\/p>\n<p><a title=\"Foto: Max Colin Heydenreich\" rel=\"lightbox[roadtrip]\" href=\"http:\/\/www.fuldaer-nachrichten.de\/wp-content\/uploads\/2011\/02\/110224_Landkreis_029.jpg\" target=\"_blank\"><img decoding=\"async\" src=\"http:\/\/www.fuldaer-nachrichten.de\/wp-content\/uploads\/2011\/02\/110224_Landkreis_029.thumbnail.jpg\" alt=\"110224_Landkreis_029.jpg\" width=\"265\" \/><\/a> <a title=\"Foto: Max Colin Heydenreich\" rel=\"lightbox[roadtrip]\" href=\"http:\/\/www.fuldaer-nachrichten.de\/wp-content\/uploads\/2011\/02\/110224_Landkreis_030.jpg\" target=\"_blank\"><img decoding=\"async\" src=\"http:\/\/www.fuldaer-nachrichten.de\/wp-content\/uploads\/2011\/02\/110224_Landkreis_030.thumbnail.jpg\" alt=\"110224_Landkreis_030.jpg\" width=\"265\" \/><\/a><\/p>\n<p><a title=\"Foto: Max Colin Heydenreich\" rel=\"lightbox[roadtrip]\" href=\"http:\/\/www.fuldaer-nachrichten.de\/wp-content\/uploads\/2011\/02\/110224_Landkreis_031.jpg\" target=\"_blank\"><img decoding=\"async\" src=\"http:\/\/www.fuldaer-nachrichten.de\/wp-content\/uploads\/2011\/02\/110224_Landkreis_031.thumbnail.jpg\" alt=\"110224_Landkreis_031.jpg\" width=\"265\" \/><\/a> <a title=\"Foto: Max Colin Heydenreich\" rel=\"lightbox[roadtrip]\" href=\"http:\/\/www.fuldaer-nachrichten.de\/wp-content\/uploads\/2011\/02\/110224_Landkreis_032.jpg\" target=\"_blank\"><img decoding=\"async\" src=\"http:\/\/www.fuldaer-nachrichten.de\/wp-content\/uploads\/2011\/02\/110224_Landkreis_032.thumbnail.jpg\" alt=\"110224_Landkreis_032.jpg\" width=\"265\" \/><\/a><\/p>\n<p><a title=\"Foto: Max Colin Heydenreich\" rel=\"lightbox[roadtrip]\" href=\"http:\/\/www.fuldaer-nachrichten.de\/wp-content\/uploads\/2011\/02\/110224_Landkreis_033.jpg\" target=\"_blank\"><img decoding=\"async\" src=\"http:\/\/www.fuldaer-nachrichten.de\/wp-content\/uploads\/2011\/02\/110224_Landkreis_033.thumbnail.jpg\" alt=\"110224_Landkreis_033.jpg\" width=\"265\" \/><\/a> <a title=\"Foto: Max Colin Heydenreich\" rel=\"lightbox[roadtrip]\" href=\"http:\/\/www.fuldaer-nachrichten.de\/wp-content\/uploads\/2011\/02\/110224_Landkreis_034.jpg\" target=\"_blank\"><img decoding=\"async\" src=\"http:\/\/www.fuldaer-nachrichten.de\/wp-content\/uploads\/2011\/02\/110224_Landkreis_034.thumbnail.jpg\" alt=\"110224_Landkreis_034.jpg\" width=\"265\" \/><\/a><\/p>\n","protected":false},"excerpt":{"rendered":"<div class=\"tmnf_excerpt\"><p>Fulda\/Petersberg. Mit der Kletterhalle des Fuldaer Alpenvereins auf dem Gel\u00e4nde der Konrad-Adenauer-Schule in Petersberg wird die Region um eine Attraktion reicher. Im\u00c2\u00a0 Umkreis von einhundert Kilometer gibt es keine vergleichbare Einrichtung. In diesem Urteil waren sich alle Anwesenden einig, als der Hessische Staatsminister des Inneren und f\u00fcr Sport, Boris Rhein, im gro\u00dfen Sitzungssaal des Kreishauses &hellip;<\/p>\n<\/div>","protected":false},"author":1,"featured_media":0,"comment_status":"closed","ping_status":"closed","sticky":false,"template":"","format":"standard","meta":{"footnotes":""},"categories":[1,54,78],"tags":[],"class_list":["post-82940","post","type-post","status-publish","format-standard","hentry","category-startseite","category-bildergalerien","category-topthema"],"_links":{"self":[{"href":"https:\/\/www.fuldaernachrichten.de\/index.php?rest_route=\/wp\/v2\/posts\/82940","targetHints":{"allow":["GET"]}}],"collection":[{"href":"https:\/\/www.fuldaernachrichten.de\/index.php?rest_route=\/wp\/v2\/posts"}],"about":[{"href":"https:\/\/www.fuldaernachrichten.de\/index.php?rest_route=\/wp\/v2\/types\/post"}],"author":[{"embeddable":true,"href":"https:\/\/www.fuldaernachrichten.de\/index.php?rest_route=\/wp\/v2\/users\/1"}],"replies":[{"embeddable":true,"href":"https:\/\/www.fuldaernachrichten.de\/index.php?rest_route=%2Fwp%2Fv2%2Fcomments&post=82940"}],"version-history":[{"count":0,"href":"https:\/\/www.fuldaernachrichten.de\/index.php?rest_route=\/wp\/v2\/posts\/82940\/revisions"}],"wp:attachment":[{"href":"https:\/\/www.fuldaernachrichten.de\/index.php?rest_route=%2Fwp%2Fv2%2Fmedia&parent=82940"}],"wp:term":[{"taxonomy":"category","embeddable":true,"href":"https:\/\/www.fuldaernachrichten.de\/index.php?rest_route=%2Fwp%2Fv2%2Fcategories&post=82940"},{"taxonomy":"post_tag","embeddable":true,"href":"https:\/\/www.fuldaernachrichten.de\/index.php?rest_route=%2Fwp%2Fv2%2Ftags&post=82940"}],"curies":[{"name":"wp","href":"https:\/\/api.w.org\/{rel}","templated":true}]}}