{"id":82877,"date":"2011-03-21T00:30:46","date_gmt":"2011-03-21T00:30:46","guid":{"rendered":"http:\/\/www.fuldaer-nachrichten.de\/?p=82877"},"modified":"2011-03-21T08:30:58","modified_gmt":"2011-03-21T08:30:58","slug":"neu-im-kino-der-letzte-tempelritter-kinostart-am-24-03-2011","status":"publish","type":"post","link":"https:\/\/www.fuldaernachrichten.de\/?p=82877","title":{"rendered":"Neu im Kino: Der letzte Tempelritter &#8211; Kinostart am 24.03.2011"},"content":{"rendered":"<p><strong><a href=\"http:\/\/www.fuldaer-nachrichten.de\/wp-content\/uploads\/2011\/02\/110222_Ritter.jpg\"><img fetchpriority=\"high\" decoding=\"async\" class=\"alignleft size-thumbnail wp-image-82878\" title=\"110222_Ritter\" src=\"http:\/\/www.fuldaer-nachrichten.de\/wp-content\/uploads\/2011\/02\/110222_Ritter-265x378.jpg\" alt=\"\" width=\"265\" height=\"378\" srcset=\"https:\/\/www.fuldaernachrichten.de\/wp-content\/uploads\/2011\/02\/110222_Ritter-265x378.jpg 265w, https:\/\/www.fuldaernachrichten.de\/wp-content\/uploads\/2011\/02\/110222_Ritter-185x265.jpg 185w, https:\/\/www.fuldaernachrichten.de\/wp-content\/uploads\/2011\/02\/110222_Ritter.jpg 399w\" sizes=\"(max-width: 265px) 100vw, 265px\" \/><\/a>Kino. <\/strong>Europa im 14. Jahrhundert: die Pest w\u00fctet und die gnadenlose Jagd auf  Hexen hat begonnen. Nach jahrelangen Kreuzz\u00fcgen kehren die Tempelritter  Behmen (Nicolas Cage) und Felson (Ron Perlman) entkr\u00e4ftet,  desillusioniert und des K\u00e4mpfens m\u00fcde zur\u00fcck. Nur widerwillig \u00fcbernehmen  sie einen letzten Auftrag des todkranken Kardinal D\u00e2\u20ac\u2122Ambroise  (Christopher Lee): Sie sollen ein M\u00e4dchen (Claire Foy), das als Hexe f\u00fcr  die Ausbreitung der t\u00f6dlichen Seuche verantwortlich gemacht wird, in  ein entlegenes Kloster \u00fcberf\u00fchren. Dort wartet ein geheimnisvolles  Ritual auf sie, das ihre Macht brechen und somit der vernichtenden Pest  Einhalt gebieten soll. Angef\u00fchrt vom Gauner Hagamar (Stephen Graham),  der als Einziger den Weg zum Kloster kennt, machen sich Behmen und  Felson auf die Reise. Der Ritter Eckhart (Ulrich Thomsen), der M\u00f6nch  Debelzaq (Stephen Campbell Moore), und der angehende Ritter Kay (Robert  Sheehan) schlie\u00dfen sich den ungleichen Gef\u00e4hrten an. Doch der Auftrag  erweist sich schnell als weit gef\u00e4hrlicher als angenommen, denn bei  ihrer Ankunft im Kloster offenbart sich ihnen der wahre Grund ihrer  Reise\u00e2\u20ac\u00a6<\/p>\n<p><strong> Kinostart: 24.03.2011<\/strong><\/p>\n","protected":false},"excerpt":{"rendered":"<div class=\"tmnf_excerpt\"><p>Kino. Europa im 14. Jahrhundert: die Pest w\u00fctet und die gnadenlose Jagd auf Hexen hat begonnen. Nach jahrelangen Kreuzz\u00fcgen kehren die Tempelritter Behmen (Nicolas Cage) und Felson (Ron Perlman) entkr\u00e4ftet, desillusioniert und des K\u00e4mpfens m\u00fcde zur\u00fcck. Nur widerwillig \u00fcbernehmen sie einen letzten Auftrag des todkranken Kardinal D\u00e2\u20ac\u2122Ambroise (Christopher Lee): Sie sollen ein M\u00e4dchen (Claire Foy), &hellip;<\/p>\n<\/div>","protected":false},"author":1,"featured_media":0,"comment_status":"closed","ping_status":"closed","sticky":false,"template":"","format":"standard","meta":{"footnotes":""},"categories":[79],"tags":[],"class_list":["post-82877","post","type-post","status-publish","format-standard","hentry","category-kino"],"_links":{"self":[{"href":"https:\/\/www.fuldaernachrichten.de\/index.php?rest_route=\/wp\/v2\/posts\/82877","targetHints":{"allow":["GET"]}}],"collection":[{"href":"https:\/\/www.fuldaernachrichten.de\/index.php?rest_route=\/wp\/v2\/posts"}],"about":[{"href":"https:\/\/www.fuldaernachrichten.de\/index.php?rest_route=\/wp\/v2\/types\/post"}],"author":[{"embeddable":true,"href":"https:\/\/www.fuldaernachrichten.de\/index.php?rest_route=\/wp\/v2\/users\/1"}],"replies":[{"embeddable":true,"href":"https:\/\/www.fuldaernachrichten.de\/index.php?rest_route=%2Fwp%2Fv2%2Fcomments&post=82877"}],"version-history":[{"count":0,"href":"https:\/\/www.fuldaernachrichten.de\/index.php?rest_route=\/wp\/v2\/posts\/82877\/revisions"}],"wp:attachment":[{"href":"https:\/\/www.fuldaernachrichten.de\/index.php?rest_route=%2Fwp%2Fv2%2Fmedia&parent=82877"}],"wp:term":[{"taxonomy":"category","embeddable":true,"href":"https:\/\/www.fuldaernachrichten.de\/index.php?rest_route=%2Fwp%2Fv2%2Fcategories&post=82877"},{"taxonomy":"post_tag","embeddable":true,"href":"https:\/\/www.fuldaernachrichten.de\/index.php?rest_route=%2Fwp%2Fv2%2Ftags&post=82877"}],"curies":[{"name":"wp","href":"https:\/\/api.w.org\/{rel}","templated":true}]}}