{"id":8266,"date":"2008-03-15T00:17:07","date_gmt":"2008-03-14T23:17:07","guid":{"rendered":"http:\/\/www.schoene-nachrichten.de\/?p=8266"},"modified":"2008-03-15T00:17:07","modified_gmt":"2008-03-14T23:17:07","slug":"arbeitsagentur-und-landkreis-unterstuetzen-jugendliche","status":"publish","type":"post","link":"https:\/\/www.fuldaernachrichten.de\/?p=8266","title":{"rendered":"Arbeitsagentur und Landkreis unterst\u00fctzen Jugendliche"},"content":{"rendered":"<p><strong>Bad Hersfeld.<\/strong> Die Agentur f\u00fcr Arbeit Bad Hersfeld und der Landkreis Hersfeld-Rotenburg erproben seit sechs Monaten ein gemeinsames Angebot zur intensiven beruflichen Orientierung f\u00fcr Sch\u00fclerinnen und Sch\u00fcler. In Zusammenarbeit mit regionalen Schulen werden junge Menschen beim \u00dcbergang von Schule in Beruf unterst\u00fctzt. Ziel ist es, die Ausbildungsreife von jungen Menschen zu verbessern und darauf aufbauend Jugendliche schneller und passgenau in Ausbildung, Arbeit oder weiterf\u00fchrende Qualifizierungen zu vermitteln.<!--more--><\/p>\n<p><strong>Angebote in unterrichtsfreier Zeit<\/strong><\/p>\n<p>Die beteiligten Projektpartner reagierten zeitnah auf eine gesetzliche Initiative des Bundes und organisierten innovative Bildungsangebote in der unterrichtsfreien Zeit f\u00fcr Sch\u00fclerinnen und Sch\u00fcler. Das Angebot richtet sich vor allem an achte und neunte Klassen aus den Haupt- und Realschulzweigen der hiesigen Schulen. Es erm\u00f6glicht den Adressaten, sich mit der Berufswegeplanung auseinander zu setzen. Dazu stehen insgesamt acht Module zur Auswahl, die von den Sch\u00fclerinnen und Sch\u00fclern je nach Bedarf und Interesse einzeln oder auch aufeinander aufbauend belegt werden k\u00f6nnen.<\/p>\n<p>Die Angebotspalette reicht von individuellen Beratungsterminen zur beruflichen Erstorientierung \u00fcber praktische berufliche Kompetenzfeststellung bis hin zu Bewerbungstraining, individuell ausgerichteter Vorbereitung auf Vorstellungsgespr\u00e4che und einer direkten Empfehlung f\u00fcr jede Teilnehmerin und jeden Teilnehmer. Vorab bietet sich die M\u00f6glichkeit an, am Berufswahltest der Agentur f\u00fcr Arbeit teilzunehmen.<br \/>\n<strong><br \/>\nWie geht\u00c2\u00b4s nach der Schule weiter?<\/strong><\/p>\n<p>In zwei Kursdurchl\u00e4ufen haben bislang 41 Jugendliche das Angebot f\u00fcr sich genutzt. Der \u00fcberwiegende Teil nahm an allen Modulen rund um das Thema &#8220;Wie geht&#8217;s nach der Schule weiter?&#8221; teil. Die Bereitschaft sich in der unterrichtsfreien Zeit intensiv mit den pers\u00f6nlichen Fragen zum Einstieg ins Arbeitsleben zu besch\u00e4ftigen, best\u00e4tigt aus Sicht der Projektverantwortlichen die Vorhaltung eines solchen Angebots.<\/p>\n<p>Die vertiefte Berufsorientierung erg\u00e4nzt die bereits existierende Unterst\u00fctzung beim \u00dcbergang Schule\/Beruf durch die schulischen Angebote zur Berufsorientierung, die Berufsberatung der Agentur f\u00fcr Arbeit, die Arbeit der Jobcoaches im \u00dcbergangsmanagement an vier Schulen im Landkreis und die der &#8220;Alten Schmiede &#8211; Zentrum f\u00fcr Jugend, Beruf und Bildung&#8221;. Nach einer erfolgreichen Pilotphase soll das Projekt &#8220;Vertiefte Berufsorientierung&#8221; in Zusammenarbeit mit Schulstandorten im gesamten Kreisgebiet fortgesetzt werden.<\/p>\n","protected":false},"excerpt":{"rendered":"<div class=\"tmnf_excerpt\"><p>Bad Hersfeld. Die Agentur f\u00fcr Arbeit Bad Hersfeld und der Landkreis Hersfeld-Rotenburg erproben seit sechs Monaten ein gemeinsames Angebot zur intensiven beruflichen Orientierung f\u00fcr Sch\u00fclerinnen und Sch\u00fcler. In Zusammenarbeit mit regionalen Schulen werden junge Menschen beim \u00dcbergang von Schule in Beruf unterst\u00fctzt. Ziel ist es, die Ausbildungsreife von jungen Menschen zu verbessern und darauf aufbauend &hellip;<\/p>\n<\/div>","protected":false},"author":1,"featured_media":0,"comment_status":"closed","ping_status":"closed","sticky":false,"template":"","format":"standard","meta":{"footnotes":""},"categories":[1,53,72,29],"tags":[],"class_list":["post-8266","post","type-post","status-publish","format-standard","hentry","category-startseite","category-bildung","category-jugend","category-politik"],"_links":{"self":[{"href":"https:\/\/www.fuldaernachrichten.de\/index.php?rest_route=\/wp\/v2\/posts\/8266","targetHints":{"allow":["GET"]}}],"collection":[{"href":"https:\/\/www.fuldaernachrichten.de\/index.php?rest_route=\/wp\/v2\/posts"}],"about":[{"href":"https:\/\/www.fuldaernachrichten.de\/index.php?rest_route=\/wp\/v2\/types\/post"}],"author":[{"embeddable":true,"href":"https:\/\/www.fuldaernachrichten.de\/index.php?rest_route=\/wp\/v2\/users\/1"}],"replies":[{"embeddable":true,"href":"https:\/\/www.fuldaernachrichten.de\/index.php?rest_route=%2Fwp%2Fv2%2Fcomments&post=8266"}],"version-history":[{"count":0,"href":"https:\/\/www.fuldaernachrichten.de\/index.php?rest_route=\/wp\/v2\/posts\/8266\/revisions"}],"wp:attachment":[{"href":"https:\/\/www.fuldaernachrichten.de\/index.php?rest_route=%2Fwp%2Fv2%2Fmedia&parent=8266"}],"wp:term":[{"taxonomy":"category","embeddable":true,"href":"https:\/\/www.fuldaernachrichten.de\/index.php?rest_route=%2Fwp%2Fv2%2Fcategories&post=8266"},{"taxonomy":"post_tag","embeddable":true,"href":"https:\/\/www.fuldaernachrichten.de\/index.php?rest_route=%2Fwp%2Fv2%2Ftags&post=8266"}],"curies":[{"name":"wp","href":"https:\/\/api.w.org\/{rel}","templated":true}]}}