{"id":8254,"date":"2008-03-14T00:09:40","date_gmt":"2008-03-13T23:09:40","guid":{"rendered":"http:\/\/www.schoene-nachrichten.de\/?p=8254"},"modified":"2008-03-14T00:11:13","modified_gmt":"2008-03-13T23:11:13","slug":"weltjugendtag-im-bistum-fulda-programm","status":"publish","type":"post","link":"https:\/\/www.fuldaernachrichten.de\/?p=8254","title":{"rendered":"Weltjugendtag im Bistum Fulda \u2013 Programm"},"content":{"rendered":"<p><strong>Fulda.<\/strong> Weltweit versammeln sich am Palmsonntag junge Christen, um in der Intention Papst Benedikts XVI. mit Gottesdiensten, Workshops und vielen mutmachenden Begegnungen den \u201eWeltjugendtag\u201c zu feiern. Auch in Fulda wird am 16. M\u00e4rz wieder ein di\u00f6zesaner Weltjugendtag begangen. Durch den internationalen Weltjugendtag im Jahr 2005 in K\u00f6ln, zu dem bis zu 1,1 Millionen Gl\u00e4ubige kamen, wurden viele Menschen in Deutschland begeistert. Diese Begeisterung soll beim diesj\u00e4hrigen Weltjugendtag in den Di\u00f6zesen wieder lebendig werden, ehe dann im Sommer der internationale \u201egro\u00dfe Weltjugendtag\u201c in Sydney mit dem Heiligen Vater ansteht. <!--more--><br \/>\nZum Weltjugendtag im Bistum Fulda am 16. M\u00e4rz sind Jugendliche und junge Erwachsene zwischen 16 und 30 Jahren eingeladen. Der Tag beginnt um 11.30 Uhr mit einer Prozession und einem Pontifikalamt mit Bischof Heinz Josef Algermissen im Dom. Zuvor erfolgt ab 11 Uhr das Einsingen und Ein\u00fcben in der Michaelskirche mit Gemeinde, Jugendkathedralchor und Band. Im Anschlu\u00df an den Palmsonntagsgottesdienst gibt es im Domgymnasium in der Magdeburger Stra\u00dfe die M\u00f6glichkeit, zu g\u00fcnstigem Preis ein einfaches Mittagessen einzunehmen.<\/p>\n<p>Um 14.45 Uhr beginnt das Nachmittagsprogramm, das mit Informationen, Interviews und Videoclips zum Weltjugendtag in Sydney 2008 und einer Tanzperformance sowie der M\u00f6glichkeit zu Anbetung und Beichte gef\u00fcllt ist. Besondere G\u00e4ste sind in diesem Jahr Pfarrer Rogers Biriija aus Uganda und der deutschlandweit bekannte christliche Worshipmusiker Lothar Kosse, der schon 2005 beim Festival \u201eJesus First\u201c in Fulda war und ein mitrei\u00dfendes Live-Konzert geben wird.<\/p>\n<p>\u201eDer Tag soll die M\u00f6glichkeit bieten, Jesus Christus auf verschiedene Weise n\u00e4herzukommen\u201c, meint Simone Twents, Referentin im Bisch\u00f6flichen Jugendamt, das seit 1996 die Weltjugendtage am Palmsonntag veranstaltet. Das Programm setzt sich fort mit profilierten Workshops zu gesellschaftlichen und religi\u00f6sen Themen.<\/p>\n<p>Um 18.30 Uhr wird ein Jugendlobpreis in der St.-Paulus-Kirche mit Anbetung, Katechese und neuen geistlichen Liedern den Tag abrunden. Zu dem Glaubensevent werden wieder rund 500 Jugendliche und junge Erwachsene aus allen Regionen des Bistums Fulda erwartet. Der Eintritt ist frei. Informationen und Brosch\u00fcren gibt es beim Bisch\u00f6flichen Jugendamt Fulda, Tel. 0661\/87-367 oder im Internet auf <a target=\"_blank\" href=\"http:\/\/www.wjt2008-fulda.de\">www.wjt2008-fulda.de<\/a> .<\/p>\n","protected":false},"excerpt":{"rendered":"<div class=\"tmnf_excerpt\"><p>Fulda. Weltweit versammeln sich am Palmsonntag junge Christen, um in der Intention Papst Benedikts XVI. mit Gottesdiensten, Workshops und vielen mutmachenden Begegnungen den \u201eWeltjugendtag\u201c zu feiern. Auch in Fulda wird am 16. M\u00e4rz wieder ein di\u00f6zesaner Weltjugendtag begangen. Durch den internationalen Weltjugendtag im Jahr 2005 in K\u00f6ln, zu dem bis zu 1,1 Millionen Gl\u00e4ubige kamen, &hellip;<\/p>\n<\/div>","protected":false},"author":1,"featured_media":0,"comment_status":"closed","ping_status":"closed","sticky":false,"template":"","format":"standard","meta":{"footnotes":""},"categories":[1,72,50],"tags":[],"class_list":["post-8254","post","type-post","status-publish","format-standard","hentry","category-startseite","category-jugend","category-kirche"],"_links":{"self":[{"href":"https:\/\/www.fuldaernachrichten.de\/index.php?rest_route=\/wp\/v2\/posts\/8254","targetHints":{"allow":["GET"]}}],"collection":[{"href":"https:\/\/www.fuldaernachrichten.de\/index.php?rest_route=\/wp\/v2\/posts"}],"about":[{"href":"https:\/\/www.fuldaernachrichten.de\/index.php?rest_route=\/wp\/v2\/types\/post"}],"author":[{"embeddable":true,"href":"https:\/\/www.fuldaernachrichten.de\/index.php?rest_route=\/wp\/v2\/users\/1"}],"replies":[{"embeddable":true,"href":"https:\/\/www.fuldaernachrichten.de\/index.php?rest_route=%2Fwp%2Fv2%2Fcomments&post=8254"}],"version-history":[{"count":0,"href":"https:\/\/www.fuldaernachrichten.de\/index.php?rest_route=\/wp\/v2\/posts\/8254\/revisions"}],"wp:attachment":[{"href":"https:\/\/www.fuldaernachrichten.de\/index.php?rest_route=%2Fwp%2Fv2%2Fmedia&parent=8254"}],"wp:term":[{"taxonomy":"category","embeddable":true,"href":"https:\/\/www.fuldaernachrichten.de\/index.php?rest_route=%2Fwp%2Fv2%2Fcategories&post=8254"},{"taxonomy":"post_tag","embeddable":true,"href":"https:\/\/www.fuldaernachrichten.de\/index.php?rest_route=%2Fwp%2Fv2%2Ftags&post=8254"}],"curies":[{"name":"wp","href":"https:\/\/api.w.org\/{rel}","templated":true}]}}