{"id":825,"date":"2007-01-16T10:25:50","date_gmt":"2007-01-16T09:25:50","guid":{"rendered":"http:\/\/www.schoene-nachrichten.de\/?p=825"},"modified":"2007-01-16T13:22:54","modified_gmt":"2007-01-16T12:22:54","slug":"prinzenmannschaft-auf-95qm-grosen-plakat-am-q-park","status":"publish","type":"post","link":"https:\/\/www.fuldaernachrichten.de\/?p=825","title":{"rendered":"88 Quadratmeter Prinzenmannschaft &#8211; Riesen-Plakat am Q-Park zu sehen"},"content":{"rendered":"<p>Fotos (6): Max Colin Heydenreich<\/p>\n<p>\u00c2\u00a0<\/p>\n<p><a title=\"Fotos (6): Max Colin Heydenreich\" href=\"http:\/\/www.schoene-nachrichten.de\/wp-content\/uploads\/2007\/01\/070116_plakat_17.jpg\" target=\"_blank\"><img decoding=\"async\" id=\"image831\" height=\"85\" alt=\"070116_plakat_17.jpg\" src=\"http:\/\/www.schoene-nachrichten.de\/wp-content\/uploads\/2007\/01\/070116_plakat_17.thumbnail.jpg\" \/><\/a>\u00c2\u00a0<a title=\"Fotos (6): Max Colin Heydenreich\" href=\"http:\/\/www.schoene-nachrichten.de\/wp-content\/uploads\/2007\/01\/070116_plakat_12.jpg\" target=\"_blank\"><img decoding=\"async\" id=\"image828\" height=\"85\" alt=\"070116_plakat_12.jpg\" src=\"http:\/\/www.schoene-nachrichten.de\/wp-content\/uploads\/2007\/01\/070116_plakat_12.thumbnail.jpg\" \/><\/a><a title=\"Fotos (6): Max Colin Heydenreich\" href=\"http:\/\/www.schoene-nachrichten.de\/wp-content\/uploads\/2007\/01\/070116_plakat_17.jpg\" target=\"_blank\" \/>\u00c2\u00a0<a title=\"Fotos (6): Max Colin Heydenreich\" href=\"http:\/\/www.schoene-nachrichten.de\/wp-content\/uploads\/2007\/01\/070116_plakat_13.jpg\" target=\"_blank\"><img decoding=\"async\" id=\"image829\" height=\"85\" alt=\"070116_plakat_13.jpg\" src=\"http:\/\/www.schoene-nachrichten.de\/wp-content\/uploads\/2007\/01\/070116_plakat_13.thumbnail.jpg\" \/><\/a><\/p>\n<p>\u00c2\u00a0<\/p>\n<p><strong>Sch\u00f6nes aus Fulda.<\/strong> Heute morgen um 9:45 Uhr war es soweit &#8211; Prinz S\u00f6ren Metallicus LXVI, die Adjutanten Jochen K\u00f6hler und J\u00fcrgen Ressel sowie das Prinzenmariechen Seline Reiter sind an der Au\u00dfenfasade des &#8220;Q-Park&#8221; -Parkhauses auf einem etwa\u00c2\u00a090 qm gro\u00dfen Plakat zu sehen. Wie schon im vergangenen Jahr gegen\u00fcber an der ehemaligen Molkerei triumphiert die Prinzenmannschaft in voller Gr\u00f6\u00dfe. Das Plakat wurde bei HSW AG &#8211; big prints gefertigt -\u00c2\u00a0die Firma, in der Adjutanten Jochen K\u00f6hler als Verkaufskraft f\u00fcr Werbung im Innendienst arbeitet.<\/p>\n<p>\u00c2\u00a0<\/p>\n<p><!--more-->Nicht ganz leicht war es, den Gro\u00dfformatdruck an die Wand des Parkhauses Altstadt\u00c2\u00a0zu bringen. Eine eigens daf\u00fcr angemietete Hebeb\u00fchne sollte das 8,00 x 9,80 Meter gro\u00dfe Plakat in die gew\u00fcnschte H\u00f6he bringen. &#8220;Wenn man \u00fcberlegt &#8211; pro Quadratmeter wiegt das Material 500 g&#8221;, so Jochen K\u00f6hler. Bei einem Gesamtgewicht von 44 kg hatten die beiden Monteure einen nicht leichten Job in luftiger H\u00f6he.<\/p>\n<p>\u00c2\u00a0<\/p>\n<p>Zum &#8220;offiziellen Aufh\u00e4ngen&#8221; kamen Prinz S\u00f6ren und seine beiden Adjutanten. Prinzenmariechen Seline Reiter musste heute zwischen karnevalistischer T\u00e4tigkeit und Studium einen Spagat machen. Sie war wegen einer wichtigen Klausur nicht beim Aufh\u00e4ngen dabei.<\/p>\n<p>\u00c2\u00a0<\/p>\n<p>Weitere 19 Bilder sehen Sie unter <a href=\"http:\/\/www.pressefoto-fulda.de\/\" target=\"_blank\">http:\/\/www.pressefoto-fulda.de\/<\/a><\/p>\n<p>\u00c2\u00a0<\/p>\n<p><a title=\"Fotos (6): Max Colin Heydenreich\" href=\"http:\/\/www.schoene-nachrichten.de\/wp-content\/uploads\/2007\/01\/070116_plakat_15.jpg\" target=\"_blank\"><img decoding=\"async\" id=\"image830\" height=\"85\" alt=\"070116_plakat_15.jpg\" src=\"http:\/\/www.schoene-nachrichten.de\/wp-content\/uploads\/2007\/01\/070116_plakat_15.thumbnail.jpg\" \/><\/a>\u00c2\u00a0<a title=\"Fotos (6): Max Colin Heydenreich\" href=\"http:\/\/www.schoene-nachrichten.de\/wp-content\/uploads\/2007\/01\/070116_plakat_06.jpg\" target=\"_blank\"><img decoding=\"async\" id=\"image827\" height=\"85\" alt=\"070116_plakat_06.jpg\" src=\"http:\/\/www.schoene-nachrichten.de\/wp-content\/uploads\/2007\/01\/070116_plakat_06.thumbnail.jpg\" \/><\/a>\u00c2\u00a0<a title=\"Fotos (6): Max Colin Heydenreich\" href=\"http:\/\/www.schoene-nachrichten.de\/wp-content\/uploads\/2007\/01\/070116_plakat_04.jpg\" target=\"_blank\"><img decoding=\"async\" id=\"image826\" height=\"85\" alt=\"070116_plakat_04.jpg\" src=\"http:\/\/www.schoene-nachrichten.de\/wp-content\/uploads\/2007\/01\/070116_plakat_04.thumbnail.jpg\" \/><\/a><\/p>\n","protected":false},"excerpt":{"rendered":"<div class=\"tmnf_excerpt\"><p>Fotos (6): Max Colin Heydenreich \u00c2\u00a0 \u00c2\u00a0\u00c2\u00a0 \u00c2\u00a0 Sch\u00f6nes aus Fulda. Heute morgen um 9:45 Uhr war es soweit &#8211; Prinz S\u00f6ren Metallicus LXVI, die Adjutanten Jochen K\u00f6hler und J\u00fcrgen Ressel sowie das Prinzenmariechen Seline Reiter sind an der Au\u00dfenfasade des &#8220;Q-Park&#8221; -Parkhauses auf einem etwa\u00c2\u00a090 qm gro\u00dfen Plakat zu sehen. Wie schon im vergangenen &hellip;<\/p>\n<\/div>","protected":false},"author":1,"featured_media":0,"comment_status":"closed","ping_status":"closed","sticky":false,"template":"","format":"standard","meta":{"footnotes":""},"categories":[1,44],"tags":[],"class_list":["post-825","post","type-post","status-publish","format-standard","hentry","category-startseite","category-kultur"],"_links":{"self":[{"href":"https:\/\/www.fuldaernachrichten.de\/index.php?rest_route=\/wp\/v2\/posts\/825","targetHints":{"allow":["GET"]}}],"collection":[{"href":"https:\/\/www.fuldaernachrichten.de\/index.php?rest_route=\/wp\/v2\/posts"}],"about":[{"href":"https:\/\/www.fuldaernachrichten.de\/index.php?rest_route=\/wp\/v2\/types\/post"}],"author":[{"embeddable":true,"href":"https:\/\/www.fuldaernachrichten.de\/index.php?rest_route=\/wp\/v2\/users\/1"}],"replies":[{"embeddable":true,"href":"https:\/\/www.fuldaernachrichten.de\/index.php?rest_route=%2Fwp%2Fv2%2Fcomments&post=825"}],"version-history":[{"count":0,"href":"https:\/\/www.fuldaernachrichten.de\/index.php?rest_route=\/wp\/v2\/posts\/825\/revisions"}],"wp:attachment":[{"href":"https:\/\/www.fuldaernachrichten.de\/index.php?rest_route=%2Fwp%2Fv2%2Fmedia&parent=825"}],"wp:term":[{"taxonomy":"category","embeddable":true,"href":"https:\/\/www.fuldaernachrichten.de\/index.php?rest_route=%2Fwp%2Fv2%2Fcategories&post=825"},{"taxonomy":"post_tag","embeddable":true,"href":"https:\/\/www.fuldaernachrichten.de\/index.php?rest_route=%2Fwp%2Fv2%2Ftags&post=825"}],"curies":[{"name":"wp","href":"https:\/\/api.w.org\/{rel}","templated":true}]}}