{"id":82494,"date":"2011-02-12T01:13:56","date_gmt":"2011-02-12T01:13:56","guid":{"rendered":"http:\/\/www.fuldaer-nachrichten.de\/?p=82494"},"modified":"2011-02-12T09:14:16","modified_gmt":"2011-02-12T09:14:16","slug":"feuerwehrstuetzpunkt-in-neuhof-wird-erweitert","status":"publish","type":"post","link":"https:\/\/www.fuldaernachrichten.de\/?p=82494","title":{"rendered":"Feuerwehrst\u00fctzpunkt in Neuhof wird erweitert"},"content":{"rendered":"<p>Neuhof. Der Feuerwehrst\u00fctzpunkt Neuhof soll erweitert werden. Dabei geht es insbesondere um die Neuschaffung eines Fahrzeugstellplatzes und eines Jugend-feuerwehrraums. Auch m\u00fcssen infolge des erheblichen Platzmangels vorhandene R\u00e4ume wie der Umkleideraum, das Lager, die Werkstatt und der Atemschutzraum ver-gr\u00f6\u00dfert werden. Zudem macht die Erweiterung der Feuerwehrr\u00e4ume die Verlagerung der Sanit\u00e4rr\u00e4ume erforderlich.<!--more--><\/p>\n<p>Die Gesamtausgaben f\u00fcr das Vorhaben bezifferte Landrat Bernd Woide nach derzeitigem Kenntnisstand auf rund 420.000 Euro. Nach Abzug einer Zuwendung des Landes Hessen bel\u00e4uft sich der Eigenanteil der Gemeinde Neuhof auf 291.200 Euro, davon sind 247.500 Euro als zuwendungsf\u00e4hig anerkannt. Da der Feuerwehrst\u00fctzpunkt Neuhof auch \u00fcber\u00f6rtliche Funktionen im Brandschutz wahrnimmt, beteiligt sich der Landkreis Fulda auf Vorschlag von Landrat Woide mit einer F\u00f6rderung in H\u00f6he von 6.150 Euro aus dem Kreisausgleichsstock sowie einem Zuschuss von 41.300 Euro an der Finanzierung. Diese Entscheidung traf der Kreisausschuss in seiner letzten Sitzung vorbehaltlich der Beschlussfassung und Genehmi-gung der Haushaltssatzung 2011.<\/p>\n<p>Auch wurde der Ausbau der Kreisstra\u00dfe 131 auf freier Strecke zwischen Gro\u00dfenbach und der Bundesstra\u00dfe 84 mit 627.800 Euro an den kosteng\u00fcnstigsten Bieter vergeben. Von der Angebotssumme entfallen rund 450.000 Euro auf den Landkreis Fulda, 81.400 Euro auf die Stadt H\u00fcnfeld und 96.500 Euro auf die Stadtwerke H\u00fcnfeld. Im weiteren Sitzungsverlauf teilte Erster Kreisbeigeordneter Dr. Heiko Wingenfeld mit, dass der Landkreis Fulda aus dem Investitionsprogramm des Bundes zum Ausbau der U3-Betreuung in diesem Jahr knapp 1,2 Millionen Euro erh\u00e4lt. Nachdem bereits Ende des vergangenen Jahres im Vorgriff F\u00f6rdermittel von 289.500 Euro in Anspruch genommen wurden, beschloss der Kreisausschuss die Vergabe von weiteren 7.700 Euro.<\/p>\n","protected":false},"excerpt":{"rendered":"<div class=\"tmnf_excerpt\"><p>Neuhof. Der Feuerwehrst\u00fctzpunkt Neuhof soll erweitert werden. Dabei geht es insbesondere um die Neuschaffung eines Fahrzeugstellplatzes und eines Jugend-feuerwehrraums. Auch m\u00fcssen infolge des erheblichen Platzmangels vorhandene R\u00e4ume wie der Umkleideraum, das Lager, die Werkstatt und der Atemschutzraum ver-gr\u00f6\u00dfert werden. Zudem macht die Erweiterung der Feuerwehrr\u00e4ume die Verlagerung der Sanit\u00e4rr\u00e4ume erforderlich.<\/p>\n<\/div>","protected":false},"author":1,"featured_media":0,"comment_status":"closed","ping_status":"closed","sticky":false,"template":"","format":"standard","meta":{"footnotes":""},"categories":[1,71],"tags":[],"class_list":["post-82494","post","type-post","status-publish","format-standard","hentry","category-startseite","category-feuerwehr"],"_links":{"self":[{"href":"https:\/\/www.fuldaernachrichten.de\/index.php?rest_route=\/wp\/v2\/posts\/82494","targetHints":{"allow":["GET"]}}],"collection":[{"href":"https:\/\/www.fuldaernachrichten.de\/index.php?rest_route=\/wp\/v2\/posts"}],"about":[{"href":"https:\/\/www.fuldaernachrichten.de\/index.php?rest_route=\/wp\/v2\/types\/post"}],"author":[{"embeddable":true,"href":"https:\/\/www.fuldaernachrichten.de\/index.php?rest_route=\/wp\/v2\/users\/1"}],"replies":[{"embeddable":true,"href":"https:\/\/www.fuldaernachrichten.de\/index.php?rest_route=%2Fwp%2Fv2%2Fcomments&post=82494"}],"version-history":[{"count":0,"href":"https:\/\/www.fuldaernachrichten.de\/index.php?rest_route=\/wp\/v2\/posts\/82494\/revisions"}],"wp:attachment":[{"href":"https:\/\/www.fuldaernachrichten.de\/index.php?rest_route=%2Fwp%2Fv2%2Fmedia&parent=82494"}],"wp:term":[{"taxonomy":"category","embeddable":true,"href":"https:\/\/www.fuldaernachrichten.de\/index.php?rest_route=%2Fwp%2Fv2%2Fcategories&post=82494"},{"taxonomy":"post_tag","embeddable":true,"href":"https:\/\/www.fuldaernachrichten.de\/index.php?rest_route=%2Fwp%2Fv2%2Ftags&post=82494"}],"curies":[{"name":"wp","href":"https:\/\/api.w.org\/{rel}","templated":true}]}}