{"id":82475,"date":"2011-02-10T00:15:34","date_gmt":"2011-02-10T00:15:34","guid":{"rendered":"http:\/\/www.fuldaer-nachrichten.de\/?p=82475"},"modified":"2011-02-10T16:14:25","modified_gmt":"2011-02-10T16:14:25","slug":"uewag-uebergab-elektro-pkw-an-landrat-woide-und-sein-team","status":"publish","type":"post","link":"https:\/\/www.fuldaernachrichten.de\/?p=82475","title":{"rendered":"\u00dcWAG \u00fcbergab Elektro-Pkw an Landrat Woide und sein Team"},"content":{"rendered":"<p><a title=\"Foto: Max Colin Heydenreich\" rel=\"lightbox[roadtrip]\" href=\"..\/wp-content\/uploads\/2011\/02\/110210_Uewag_001.jpg\" target=\"_blank\"><img decoding=\"async\" src=\"..\/wp-content\/uploads\/2011\/02\/110210_Uewag_001.jpg\" alt=\"110210_Uewag_001.jpg\" width=\"560\" \/><\/a><\/p>\n<p><strong>Fulda. <\/strong>Mit der \u00dcbergabe eines ausschlie\u00dflich elektrisch angetriebenen Pkw, in dem bis zu vier Personen Platz finden, startete die \u00dcWAG jetzt ihren zweiten Feldversuch zur Elektromobilit\u00e4t in der Region. Partner ist der Landkreis Fulda. Dipl.-Kfm. Ralf-Stefan St\u00f6ppler, Leiter des Bereichs Beteiligungen und Konzessionsmanagement der \u00dcWAG, \u00fcbergab das Fahrzeug an Landrat Bernd Woide und sein Team.<\/p>\n<p><strong>Fotos (47):<\/strong> Max Colin Heydenreich<\/p>\n<p><a title=\"Foto: Max Colin Heydenreich\" rel=\"lightbox[roadtrip]\" href=\"..\/wp-content\/uploads\/2011\/02\/110210_Uewag_034.jpg\" target=\"_blank\"><img decoding=\"async\" src=\"..\/wp-content\/uploads\/2011\/02\/110210_Uewag_034.thumbnail.jpg\" alt=\"110210_Uewag_034.jpg\" width=\"265\" \/><\/a> <a title=\"Foto: Max Colin Heydenreich\" rel=\"lightbox[roadtrip]\" href=\"..\/wp-content\/uploads\/2011\/02\/110210_Uewag_036.jpg\" target=\"_blank\"><img decoding=\"async\" src=\"..\/wp-content\/uploads\/2011\/02\/110210_Uewag_036.thumbnail.jpg\" alt=\"110210_Uewag_036.jpg\" width=\"265\" \/><\/a><\/p>\n<p><!--more--><\/p>\n<p>Auch eine Stromtankstelle am Standort der Kreisverwaltung geh\u00f6rt zum Feldversuchs-Paket. Hier kann das Elektroauto jederzeit auftanken. Geladen wird ausschlie\u00dflich \u00dcWAG\u00d6ko, der zertifizierte Strom der \u00dcWAG aus regenerativen Quellen. Bei dem Fahrzeug handelt es sich um den i-MiEV (Mitsubishi Innovative Electronic Vehicle), ein reines Elektroauto.<\/p>\n<p>\u201eWir planen, das Auto f\u00fcr Dienstfahrten im Landkreis Fulda einzusetzen\u201c, sagte Landrat Bernd Woide bei dem Pressetermin anl\u00e4sslich der Fahrzeug\u00fcbergabe. Ralf-Stefan St\u00f6ppler zeigte sich zuversichtlich, dass die Mitarbeiter des Landkreises dabei viel Freude mit dem neuen Gef\u00e4hrt haben werden: \u201eDer i-MiEV ist ein sehr agiles Fahrzeug, das f\u00fcr den Stadtverkehr genauso gut geeignet ist wie f\u00fcr z\u00fcgige \u00dcberland-Fahrten.\u201c<\/p>\n<p><a href=\"..\/wp-content\/uploads\/2011\/02\/DSC_19372.jpg\"><img fetchpriority=\"high\" decoding=\"async\" title=\"DSC_1937\" src=\"..\/wp-content\/uploads\/2011\/02\/DSC_19372-265x397.jpg\" alt=\"\" width=\"265\" height=\"397\" \/><\/a> <a title=\"Foto: Max Colin Heydenreich\" rel=\"lightbox[roadtrip]\" href=\"..\/wp-content\/uploads\/2011\/02\/110210_Uewag_002.jpg\" target=\"_blank\"><img decoding=\"async\" src=\"..\/wp-content\/uploads\/2011\/02\/110210_Uewag_002.thumbnail.jpg\" alt=\"110210_Uewag_002.jpg\" width=\"265\" \/><\/a><\/p>\n<p>Bis zu 130 Stundenkilometer schnell wird das Fahrzeug mit dem flotten Design. Seine Reichweite soll nach Herstellerangaben bis zu 150 Kilometer betragen. Rund elf Kilowattstunden Strom ben\u00f6tigt das Elektromobil dabei f\u00fcr 100 Kilometer. Dann wird ein Ladestopp an der \u00dcWAG-Tankstelle auf dem Gel\u00e4nde des Landratsamts n\u00f6tig. \u00dcber Nacht wird die Batterie wieder voll aufgeladen.<\/p>\n<p>Alle Nutzer des neuen elektrischen Fahrzeugs der Landkreis-Verwaltung werden im Rahmen des Feldversuchs mit der \u00dcWAG genauestens Buch f\u00fchren \u00fcber die Nutzung des i-MiEV. Mit Hilfe der Einsatz- und Testberichte gewinnt die \u00dcWAG wichtige Erkenntnisse \u00fcber den Einsatz des Elektroautos im Alltagsverkehr, etwa \u00fcber die tats\u00e4chliche Reichweite, das Fahrverhalten, den Zeitbedarf f\u00fcr die Ladung der Batterie oder m\u00f6gliche Ver\u00e4nderungen der technischen Parameter im Laufe der Zeit. Der Feldversuch ist auf drei Jahre angelegt.<\/p>\n<p><a title=\"Foto: Max Colin Heydenreich\" rel=\"lightbox[roadtrip]\" href=\"..\/wp-content\/uploads\/2011\/02\/110210_Uewag_006.jpg\" target=\"_blank\"><img decoding=\"async\" src=\"..\/wp-content\/uploads\/2011\/02\/110210_Uewag_006.thumbnail.jpg\" alt=\"110210_Uewag_006.jpg\" width=\"265\" \/><\/a> <a title=\"Foto: Max Colin Heydenreich\" rel=\"lightbox[roadtrip]\" href=\"..\/wp-content\/uploads\/2011\/02\/110210_Uewag_043.jpg\" target=\"_blank\"><img decoding=\"async\" src=\"..\/wp-content\/uploads\/2011\/02\/110210_Uewag_043.thumbnail.jpg\" alt=\"110210_Uewag_043.jpg\" width=\"265\" \/><\/a><\/p>\n<p>\u201eWir sind stolz darauf, als Kreisverwaltung Partner der \u00dcWAG bei diesem Feldversuch zum Zukunftsthema Elektromobilit\u00e4t zu sein\u201c, erkl\u00e4rte Bernd Woide. \u201eWir freuen uns dar\u00fcber hinaus, durch die Nutzung eines elektrischen Fahrzeugs wichtige Erkenntnisse f\u00fcr die Zukunft dieser Technik im Alltag beisteuern zu k\u00f6nnen \u2013 und schon hier und heute durch Dienstfahrten mit null CO<sub>2<\/sub>-Aussto\u00df einen Beitrag zur Verringerung der Emissionen im Stra\u00dfenverkehr zu leisten\u201c, f\u00fcgte der Landrat hinzu.<\/p>\n<p>Die Elektrotankstelle beim Landratsamt ist bereits die dritte, die die \u00dcWAG im Fuldaer Stadtgebiet betreibt. In der Q-Park-Tiefgarage Zentrum haben Elektroautos bereits seit Juli 2010 die M\u00f6glichkeit, \u00d6ko-Strom zu tanken; im November 2010 startete die \u00dcWAG einen Feldversuch mit elektrisch betriebenen Zweir\u00e4dern gemeinsam mit der Stadt Fulda. Am Stadtschloss steht die zweite Lades\u00e4ule, an der die st\u00e4dtischen Elektrofahrzeuge, aber auch Zweir\u00e4der privater Kunden auftanken k\u00f6nnen.<\/p>\n<p><a title=\"Foto: Max Colin Heydenreich\" rel=\"lightbox[roadtrip]\" href=\"http:\/\/www.fuldaer-nachrichten.de\/wp-content\/uploads\/2011\/02\/110210_Uewag_003.jpg\" target=\"_blank\"><img decoding=\"async\" src=\"http:\/\/www.fuldaer-nachrichten.de\/wp-content\/uploads\/2011\/02\/110210_Uewag_003.thumbnail.jpg\" alt=\"110210_Uewag_003.jpg\" width=\"265\" \/><\/a> <a title=\"Foto: Max Colin Heydenreich\" rel=\"lightbox[roadtrip]\" href=\"http:\/\/www.fuldaer-nachrichten.de\/wp-content\/uploads\/2011\/02\/110210_Uewag_004.jpg\" target=\"_blank\"><img decoding=\"async\" src=\"http:\/\/www.fuldaer-nachrichten.de\/wp-content\/uploads\/2011\/02\/110210_Uewag_004.thumbnail.jpg\" alt=\"110210_Uewag_004.jpg\" width=\"265\" \/><\/a><\/p>\n<p><a title=\"Foto: Max Colin Heydenreich\" rel=\"lightbox[roadtrip]\" href=\"http:\/\/www.fuldaer-nachrichten.de\/wp-content\/uploads\/2011\/02\/110210_Uewag_005.jpg\" target=\"_blank\"><img decoding=\"async\" src=\"http:\/\/www.fuldaer-nachrichten.de\/wp-content\/uploads\/2011\/02\/110210_Uewag_005.thumbnail.jpg\" alt=\"110210_Uewag_005.jpg\" width=\"265\" \/><\/a> <a title=\"Foto: Max Colin Heydenreich\" rel=\"lightbox[roadtrip]\" href=\"..\/wp-content\/uploads\/2011\/02\/110210_Uewag_044.jpg\" target=\"_blank\"><img decoding=\"async\" src=\"..\/wp-content\/uploads\/2011\/02\/110210_Uewag_044.thumbnail.jpg\" alt=\"110210_Uewag_044.jpg\" width=\"265\" \/><\/a><\/p>\n<p><a title=\"Foto: Max Colin Heydenreich\" rel=\"lightbox[roadtrip]\" href=\"http:\/\/www.fuldaer-nachrichten.de\/wp-content\/uploads\/2011\/02\/110210_Uewag_007.jpg\" target=\"_blank\"><img decoding=\"async\" src=\"http:\/\/www.fuldaer-nachrichten.de\/wp-content\/uploads\/2011\/02\/110210_Uewag_007.thumbnail.jpg\" alt=\"110210_Uewag_007.jpg\" width=\"265\" \/><\/a> <a title=\"Foto: Max Colin Heydenreich\" rel=\"lightbox[roadtrip]\" href=\"http:\/\/www.fuldaer-nachrichten.de\/wp-content\/uploads\/2011\/02\/110210_Uewag_008.jpg\" target=\"_blank\"><img decoding=\"async\" src=\"http:\/\/www.fuldaer-nachrichten.de\/wp-content\/uploads\/2011\/02\/110210_Uewag_008.thumbnail.jpg\" alt=\"110210_Uewag_008.jpg\" width=\"265\" \/><\/a><\/p>\n<p><a title=\"Foto: Max Colin Heydenreich\" rel=\"lightbox[roadtrip]\" href=\"http:\/\/www.fuldaer-nachrichten.de\/wp-content\/uploads\/2011\/02\/110210_Uewag_009.jpg\" target=\"_blank\"><img decoding=\"async\" src=\"http:\/\/www.fuldaer-nachrichten.de\/wp-content\/uploads\/2011\/02\/110210_Uewag_009.thumbnail.jpg\" alt=\"110210_Uewag_009.jpg\" width=\"265\" \/><\/a> <a title=\"Foto: Max Colin Heydenreich\" rel=\"lightbox[roadtrip]\" href=\"http:\/\/www.fuldaer-nachrichten.de\/wp-content\/uploads\/2011\/02\/110210_Uewag_010.jpg\" target=\"_blank\"><img decoding=\"async\" src=\"http:\/\/www.fuldaer-nachrichten.de\/wp-content\/uploads\/2011\/02\/110210_Uewag_010.thumbnail.jpg\" alt=\"110210_Uewag_010.jpg\" width=\"265\" \/><\/a><\/p>\n<p><a title=\"Foto: Max Colin Heydenreich\" rel=\"lightbox[roadtrip]\" href=\"http:\/\/www.fuldaer-nachrichten.de\/wp-content\/uploads\/2011\/02\/110210_Uewag_011.jpg\" target=\"_blank\"><img decoding=\"async\" src=\"http:\/\/www.fuldaer-nachrichten.de\/wp-content\/uploads\/2011\/02\/110210_Uewag_011.thumbnail.jpg\" alt=\"110210_Uewag_011.jpg\" width=\"265\" \/><\/a> <a title=\"Foto: Max Colin Heydenreich\" rel=\"lightbox[roadtrip]\" href=\"..\/wp-content\/uploads\/2011\/02\/110210_Uewag_013.jpg\" target=\"_blank\"><img decoding=\"async\" src=\"..\/wp-content\/uploads\/2011\/02\/110210_Uewag_013.thumbnail.jpg\" alt=\"110210_Uewag_013.jpg\" width=\"265\" \/><\/a><\/p>\n<p><a title=\"Foto: Max Colin Heydenreich\" rel=\"lightbox[roadtrip]\" href=\"http:\/\/www.fuldaer-nachrichten.de\/wp-content\/uploads\/2011\/02\/110210_Uewag_014.jpg\" target=\"_blank\"><img decoding=\"async\" src=\"http:\/\/www.fuldaer-nachrichten.de\/wp-content\/uploads\/2011\/02\/110210_Uewag_014.thumbnail.jpg\" alt=\"110210_Uewag_014.jpg\" width=\"265\" \/><\/a> <a title=\"Foto: Max Colin Heydenreich\" rel=\"lightbox[roadtrip]\" href=\"..\/wp-content\/uploads\/2011\/02\/110210_Uewag_016.jpg\" target=\"_blank\"><img decoding=\"async\" src=\"..\/wp-content\/uploads\/2011\/02\/110210_Uewag_016.thumbnail.jpg\" alt=\"110210_Uewag_016.jpg\" width=\"265\" \/><\/a><\/p>\n<p><a title=\"Foto: Max Colin Heydenreich\" rel=\"lightbox[roadtrip]\" href=\"http:\/\/www.fuldaer-nachrichten.de\/wp-content\/uploads\/2011\/02\/110210_Uewag_015.jpg\" target=\"_blank\"><img decoding=\"async\" src=\"http:\/\/www.fuldaer-nachrichten.de\/wp-content\/uploads\/2011\/02\/110210_Uewag_015.thumbnail.jpg\" alt=\"110210_Uewag_015.jpg\" width=\"265\" \/><\/a> <a title=\"Foto: Max Colin Heydenreich\" rel=\"lightbox[roadtrip]\" href=\"..\/wp-content\/uploads\/2011\/02\/110210_Uewag_018.jpg\" target=\"_blank\"><img decoding=\"async\" src=\"..\/wp-content\/uploads\/2011\/02\/110210_Uewag_018.thumbnail.jpg\" alt=\"110210_Uewag_018.jpg\" width=\"265\" \/><\/a><\/p>\n<p><a title=\"Foto: Max Colin Heydenreich\" rel=\"lightbox[roadtrip]\" href=\"http:\/\/www.fuldaer-nachrichten.de\/wp-content\/uploads\/2011\/02\/110210_Uewag_017.jpg\" target=\"_blank\"><img decoding=\"async\" src=\"http:\/\/www.fuldaer-nachrichten.de\/wp-content\/uploads\/2011\/02\/110210_Uewag_017.thumbnail.jpg\" alt=\"110210_Uewag_017.jpg\" width=\"265\" \/><\/a> <a title=\"Foto: Max Colin Heydenreich\" rel=\"lightbox[roadtrip]\" href=\"..\/wp-content\/uploads\/2011\/02\/110210_Uewag_019.jpg\" target=\"_blank\"><img decoding=\"async\" src=\"..\/wp-content\/uploads\/2011\/02\/110210_Uewag_019.thumbnail.jpg\" alt=\"110210_Uewag_019.jpg\" width=\"265\" \/><\/a><\/p>\n<p><a title=\"Foto: Max Colin Heydenreich\" rel=\"lightbox[roadtrip]\" href=\"http:\/\/www.fuldaer-nachrichten.de\/wp-content\/uploads\/2011\/02\/110210_Uewag_020.jpg\" target=\"_blank\"><img decoding=\"async\" src=\"http:\/\/www.fuldaer-nachrichten.de\/wp-content\/uploads\/2011\/02\/110210_Uewag_020.thumbnail.jpg\" alt=\"110210_Uewag_020.jpg\" width=\"265\" \/><\/a> <a title=\"Foto: Max Colin Heydenreich\" rel=\"lightbox[roadtrip]\" href=\"..\/wp-content\/uploads\/2011\/02\/110210_Uewag_022.jpg\" target=\"_blank\"><img decoding=\"async\" src=\"..\/wp-content\/uploads\/2011\/02\/110210_Uewag_022.thumbnail.jpg\" alt=\"110210_Uewag_022.jpg\" width=\"265\" \/><\/a><\/p>\n<p><a title=\"Foto: Max Colin Heydenreich\" rel=\"lightbox[roadtrip]\" href=\"http:\/\/www.fuldaer-nachrichten.de\/wp-content\/uploads\/2011\/02\/110210_Uewag_021.jpg\" target=\"_blank\"><img decoding=\"async\" src=\"http:\/\/www.fuldaer-nachrichten.de\/wp-content\/uploads\/2011\/02\/110210_Uewag_021.thumbnail.jpg\" alt=\"110210_Uewag_021.jpg\" width=\"265\" \/><\/a> <a title=\"Foto: Max Colin Heydenreich\" rel=\"lightbox[roadtrip]\" href=\"..\/wp-content\/uploads\/2011\/02\/110210_Uewag_031.jpg\" target=\"_blank\"><img decoding=\"async\" src=\"..\/wp-content\/uploads\/2011\/02\/110210_Uewag_031.thumbnail.jpg\" alt=\"110210_Uewag_031.jpg\" width=\"265\" \/><\/a><\/p>\n<p><a title=\"Foto: Max Colin Heydenreich\" rel=\"lightbox[roadtrip]\" href=\"http:\/\/www.fuldaer-nachrichten.de\/wp-content\/uploads\/2011\/02\/110210_Uewag_023.jpg\" target=\"_blank\"><img decoding=\"async\" src=\"http:\/\/www.fuldaer-nachrichten.de\/wp-content\/uploads\/2011\/02\/110210_Uewag_023.thumbnail.jpg\" alt=\"110210_Uewag_023.jpg\" width=\"265\" \/><\/a> <a title=\"Foto: Max Colin Heydenreich\" rel=\"lightbox[roadtrip]\" href=\"http:\/\/www.fuldaer-nachrichten.de\/wp-content\/uploads\/2011\/02\/110210_Uewag_024.jpg\" target=\"_blank\"><img decoding=\"async\" src=\"http:\/\/www.fuldaer-nachrichten.de\/wp-content\/uploads\/2011\/02\/110210_Uewag_024.thumbnail.jpg\" alt=\"110210_Uewag_024.jpg\" width=\"265\" \/><\/a><\/p>\n<p><a title=\"Foto: Max Colin Heydenreich\" rel=\"lightbox[roadtrip]\" href=\"http:\/\/www.fuldaer-nachrichten.de\/wp-content\/uploads\/2011\/02\/110210_Uewag_025.jpg\" target=\"_blank\"><img decoding=\"async\" src=\"http:\/\/www.fuldaer-nachrichten.de\/wp-content\/uploads\/2011\/02\/110210_Uewag_025.thumbnail.jpg\" alt=\"110210_Uewag_025.jpg\" width=\"265\" \/><\/a> <a title=\"Foto: Max Colin Heydenreich\" rel=\"lightbox[roadtrip]\" href=\"http:\/\/www.fuldaer-nachrichten.de\/wp-content\/uploads\/2011\/02\/110210_Uewag_026.jpg\" target=\"_blank\"><img decoding=\"async\" src=\"http:\/\/www.fuldaer-nachrichten.de\/wp-content\/uploads\/2011\/02\/110210_Uewag_026.thumbnail.jpg\" alt=\"110210_Uewag_026.jpg\" width=\"265\" \/><\/a><\/p>\n<p><a title=\"Foto: Max Colin Heydenreich\" rel=\"lightbox[roadtrip]\" href=\"http:\/\/www.fuldaer-nachrichten.de\/wp-content\/uploads\/2011\/02\/110210_Uewag_027.jpg\" target=\"_blank\"><img decoding=\"async\" src=\"http:\/\/www.fuldaer-nachrichten.de\/wp-content\/uploads\/2011\/02\/110210_Uewag_027.thumbnail.jpg\" alt=\"110210_Uewag_027.jpg\" width=\"265\" \/><\/a> <a title=\"Foto: Max Colin Heydenreich\" rel=\"lightbox[roadtrip]\" href=\"http:\/\/www.fuldaer-nachrichten.de\/wp-content\/uploads\/2011\/02\/110210_Uewag_028.jpg\" target=\"_blank\"><img decoding=\"async\" src=\"http:\/\/www.fuldaer-nachrichten.de\/wp-content\/uploads\/2011\/02\/110210_Uewag_028.thumbnail.jpg\" alt=\"110210_Uewag_028.jpg\" width=\"265\" \/><\/a><\/p>\n<p><a title=\"Foto: Max Colin Heydenreich\" rel=\"lightbox[roadtrip]\" href=\"http:\/\/www.fuldaer-nachrichten.de\/wp-content\/uploads\/2011\/02\/110210_Uewag_029.jpg\" target=\"_blank\"><img decoding=\"async\" src=\"http:\/\/www.fuldaer-nachrichten.de\/wp-content\/uploads\/2011\/02\/110210_Uewag_029.thumbnail.jpg\" alt=\"110210_Uewag_029.jpg\" width=\"265\" \/><\/a> <a title=\"Foto: Max Colin Heydenreich\" rel=\"lightbox[roadtrip]\" href=\"http:\/\/www.fuldaer-nachrichten.de\/wp-content\/uploads\/2011\/02\/110210_Uewag_030.jpg\" target=\"_blank\"><img decoding=\"async\" src=\"http:\/\/www.fuldaer-nachrichten.de\/wp-content\/uploads\/2011\/02\/110210_Uewag_030.thumbnail.jpg\" alt=\"110210_Uewag_030.jpg\" width=\"265\" \/><\/a><\/p>\n<p><a title=\"Foto: Max Colin Heydenreich\" rel=\"lightbox[roadtrip]\" href=\"http:\/\/www.fuldaer-nachrichten.de\/wp-content\/uploads\/2011\/02\/110210_Uewag_032.jpg\" target=\"_blank\"><img decoding=\"async\" src=\"http:\/\/www.fuldaer-nachrichten.de\/wp-content\/uploads\/2011\/02\/110210_Uewag_032.thumbnail.jpg\" alt=\"110210_Uewag_032.jpg\" width=\"265\" \/><\/a> <a title=\"Foto: Max Colin Heydenreich\" rel=\"lightbox[roadtrip]\" href=\"..\/wp-content\/uploads\/2011\/02\/110210_Uewag_033.jpg\" target=\"_blank\"><img decoding=\"async\" src=\"..\/wp-content\/uploads\/2011\/02\/110210_Uewag_033.thumbnail.jpg\" alt=\"110210_Uewag_033.jpg\" width=\"265\" \/><\/a><\/p>\n<p><a title=\"Foto: Max Colin Heydenreich\" rel=\"lightbox[roadtrip]\" href=\"http:\/\/www.fuldaer-nachrichten.de\/wp-content\/uploads\/2011\/02\/110210_Uewag_035.jpg\" target=\"_blank\"><img decoding=\"async\" src=\"http:\/\/www.fuldaer-nachrichten.de\/wp-content\/uploads\/2011\/02\/110210_Uewag_035.thumbnail.jpg\" alt=\"110210_Uewag_035.jpg\" width=\"265\" \/><\/a> <a title=\"Foto: Max Colin Heydenreich\" rel=\"lightbox[roadtrip]\" href=\"..\/wp-content\/uploads\/2011\/02\/110210_Uewag_038.jpg\" target=\"_blank\"><img decoding=\"async\" src=\"..\/wp-content\/uploads\/2011\/02\/110210_Uewag_038.thumbnail.jpg\" alt=\"110210_Uewag_038.jpg\" width=\"265\" \/><\/a><\/p>\n<p><a title=\"Foto: Max Colin Heydenreich\" rel=\"lightbox[roadtrip]\" href=\"http:\/\/www.fuldaer-nachrichten.de\/wp-content\/uploads\/2011\/02\/110210_Uewag_037.jpg\" target=\"_blank\"><img decoding=\"async\" src=\"http:\/\/www.fuldaer-nachrichten.de\/wp-content\/uploads\/2011\/02\/110210_Uewag_037.thumbnail.jpg\" alt=\"110210_Uewag_037.jpg\" width=\"265\" \/><\/a> <a title=\"Foto: Max Colin Heydenreich\" rel=\"lightbox[roadtrip]\" href=\"..\/wp-content\/uploads\/2011\/02\/110210_Uewag_039.jpg\" target=\"_blank\"><img decoding=\"async\" src=\"..\/wp-content\/uploads\/2011\/02\/110210_Uewag_039.thumbnail.jpg\" alt=\"110210_Uewag_039.jpg\" width=\"265\" \/><\/a><\/p>\n<p><a title=\"Foto: Max Colin Heydenreich\" rel=\"lightbox[roadtrip]\" href=\"http:\/\/www.fuldaer-nachrichten.de\/wp-content\/uploads\/2011\/02\/110210_Uewag_040.jpg\" target=\"_blank\"><img decoding=\"async\" src=\"http:\/\/www.fuldaer-nachrichten.de\/wp-content\/uploads\/2011\/02\/110210_Uewag_040.thumbnail.jpg\" alt=\"110210_Uewag_040.jpg\" width=\"265\" \/><\/a> <a title=\"Foto: Max Colin Heydenreich\" rel=\"lightbox[roadtrip]\" href=\"..\/wp-content\/uploads\/2011\/02\/110210_Uewag_041.jpg\" target=\"_blank\"><img decoding=\"async\" src=\"..\/wp-content\/uploads\/2011\/02\/110210_Uewag_041.thumbnail.jpg\" alt=\"110210_Uewag_041.jpg\" width=\"265\" \/><\/a><\/p>\n<p><a title=\"Foto: Max Colin Heydenreich\" rel=\"lightbox[roadtrip]\" href=\"http:\/\/www.fuldaer-nachrichten.de\/wp-content\/uploads\/2011\/02\/110210_Uewag_042.jpg\" target=\"_blank\"><img decoding=\"async\" src=\"http:\/\/www.fuldaer-nachrichten.de\/wp-content\/uploads\/2011\/02\/110210_Uewag_042.thumbnail.jpg\" alt=\"110210_Uewag_042.jpg\" width=\"265\" \/><\/a> <a title=\"Foto: Max Colin Heydenreich\" rel=\"lightbox[roadtrip]\" href=\"..\/wp-content\/uploads\/2011\/02\/110210_Uewag_046.jpg\" target=\"_blank\"><img decoding=\"async\" src=\"..\/wp-content\/uploads\/2011\/02\/110210_Uewag_046.thumbnail.jpg\" alt=\"110210_Uewag_046.jpg\" width=\"265\" \/><\/a><\/p>\n<p><a title=\"Foto: Max Colin Heydenreich\" rel=\"lightbox[roadtrip]\" href=\"http:\/\/www.fuldaer-nachrichten.de\/wp-content\/uploads\/2011\/02\/110210_Uewag_045.jpg\" target=\"_blank\"><img decoding=\"async\" src=\"http:\/\/www.fuldaer-nachrichten.de\/wp-content\/uploads\/2011\/02\/110210_Uewag_045.thumbnail.jpg\" alt=\"110210_Uewag_045.jpg\" width=\"265\" \/><\/a> <a title=\"Foto: Max Colin Heydenreich\" rel=\"lightbox[roadtrip]\" href=\"..\/wp-content\/uploads\/2011\/02\/110210_Uewag_047.jpg\" target=\"_blank\"><img decoding=\"async\" src=\"..\/wp-content\/uploads\/2011\/02\/110210_Uewag_047.thumbnail.jpg\" alt=\"110210_Uewag_047.jpg\" width=\"265\" \/><\/a><\/p>\n","protected":false},"excerpt":{"rendered":"<div class=\"tmnf_excerpt\"><p>Fulda. Mit der \u00dcbergabe eines ausschlie\u00dflich elektrisch angetriebenen Pkw, in dem bis zu vier Personen Platz finden, startete die \u00dcWAG jetzt ihren zweiten Feldversuch zur Elektromobilit\u00e4t in der Region. Partner ist der Landkreis Fulda. Dipl.-Kfm. Ralf-Stefan St\u00f6ppler, Leiter des Bereichs Beteiligungen und Konzessionsmanagement der \u00dcWAG, \u00fcbergab das Fahrzeug an Landrat Bernd Woide und sein Team. &hellip;<\/p>\n<\/div>","protected":false},"author":1,"featured_media":0,"comment_status":"closed","ping_status":"closed","sticky":false,"template":"","format":"standard","meta":{"footnotes":""},"categories":[1,35,54,29,78],"tags":[],"class_list":["post-82475","post","type-post","status-publish","format-standard","hentry","category-startseite","category-auto","category-bildergalerien","category-politik","category-topthema"],"_links":{"self":[{"href":"https:\/\/www.fuldaernachrichten.de\/index.php?rest_route=\/wp\/v2\/posts\/82475","targetHints":{"allow":["GET"]}}],"collection":[{"href":"https:\/\/www.fuldaernachrichten.de\/index.php?rest_route=\/wp\/v2\/posts"}],"about":[{"href":"https:\/\/www.fuldaernachrichten.de\/index.php?rest_route=\/wp\/v2\/types\/post"}],"author":[{"embeddable":true,"href":"https:\/\/www.fuldaernachrichten.de\/index.php?rest_route=\/wp\/v2\/users\/1"}],"replies":[{"embeddable":true,"href":"https:\/\/www.fuldaernachrichten.de\/index.php?rest_route=%2Fwp%2Fv2%2Fcomments&post=82475"}],"version-history":[{"count":1,"href":"https:\/\/www.fuldaernachrichten.de\/index.php?rest_route=\/wp\/v2\/posts\/82475\/revisions"}],"predecessor-version":[{"id":82482,"href":"https:\/\/www.fuldaernachrichten.de\/index.php?rest_route=\/wp\/v2\/posts\/82475\/revisions\/82482"}],"wp:attachment":[{"href":"https:\/\/www.fuldaernachrichten.de\/index.php?rest_route=%2Fwp%2Fv2%2Fmedia&parent=82475"}],"wp:term":[{"taxonomy":"category","embeddable":true,"href":"https:\/\/www.fuldaernachrichten.de\/index.php?rest_route=%2Fwp%2Fv2%2Fcategories&post=82475"},{"taxonomy":"post_tag","embeddable":true,"href":"https:\/\/www.fuldaernachrichten.de\/index.php?rest_route=%2Fwp%2Fv2%2Ftags&post=82475"}],"curies":[{"name":"wp","href":"https:\/\/api.w.org\/{rel}","templated":true}]}}