{"id":82421,"date":"2011-02-10T09:31:55","date_gmt":"2011-02-10T09:31:55","guid":{"rendered":"http:\/\/www.fuldaer-nachrichten.de\/?p=82421"},"modified":"2011-02-10T13:32:09","modified_gmt":"2011-02-10T13:32:09","slug":"jugendfeuerwehren-leisten-beispielhafte-arbeit","status":"publish","type":"post","link":"https:\/\/www.fuldaernachrichten.de\/?p=82421","title":{"rendered":"Jugendfeuerwehren leisten beispielhafte Arbeit"},"content":{"rendered":"<p><strong><a href=\"http:\/\/www.fuldaer-nachrichten.de\/wp-content\/uploads\/2011\/02\/110210_Versammlung_013.jpg\"><img decoding=\"async\" class=\"alignleft size-thumbnail wp-image-82422\" title=\"110210_Versammlung_013\" src=\"http:\/\/www.fuldaer-nachrichten.de\/wp-content\/uploads\/2011\/02\/110210_Versammlung_013-265x176.jpg\" alt=\"\" width=\"265\" height=\"176\" srcset=\"https:\/\/www.fuldaernachrichten.de\/wp-content\/uploads\/2011\/02\/110210_Versammlung_013-265x176.jpg 265w, https:\/\/www.fuldaernachrichten.de\/wp-content\/uploads\/2011\/02\/110210_Versammlung_013.jpg 592w\" sizes=\"(max-width: 265px) 100vw, 265px\" \/><\/a>Ehrenberg &#8211; W\u00fcstensachsen. <\/strong>Am vergangenen Samstag trafen sich 211 F\u00fchrungskr\u00e4fte der Jugendfeuerwehren und Feuerwehren zur Vollversammlung der Kreisjugendfeuerwehr Fulda im B\u00fcrgerhaus in Ehrenberg \u2013 W\u00fcstensachsen. Auf der Tagesordnung standen der Jahresbericht des Kreisjugendfeuerwehrausschusses, die Vergabe von Veranstaltungen, Nachwahlen, Ehrungen sowie die Auszeichnung zur Jugendfeuerwehr des Jahres 2010. Kreisjugendfeuerwehrwart Michael Knoth begr\u00fc\u00dfte zu Beginn alle Anwesende und konnte unter anderem auch zahlreiche Ehrenmitglieder des Kreisfeuerwehrverbandes und G\u00e4ste willkommen hei\u00dfen. \u00dcber die Entwicklung und Aktivit\u00e4ten der 134 Jugendfeuerwehren im Landkreis Fulda berichtete im Anschluss Kreisjugendfeuerwehrwart Michael Knoth uns sein Stellvertreter Julian Mauchel in ihrem ausf\u00fchrlichen Bericht. Insgesamt z\u00e4hlen 1989 M\u00e4dchen und Jungen zu den Jugendgruppen. <!--more--><\/p>\n<p>Dies sind allerdings 78 Mitglieder weniger als im Vorjahr. Eine stattliche Anzahl von 368 Jugendlichen trat den Jugendfeuerwehren bei. Im Gegensatz verlie\u00dfen jedoch 317 wieder die Gruppen und 142 konnten in die Einsatzabteilungen \u00fcbernommen werden. Dem Projekt zum demographischen Wandel \u201eJugendfeuerwehr aus der Tradition der Zukunft verpflichtet!\u201c dem sogenannten Come-in \u2013Contract \u2013 Vertrages haben im letzten Jahr 7 weitere Kommunen des Landkreises abgeschlossen. Die Kreisjugendfeuerwehr gewann mit dem im letzten Jahr erstmals ins leben gerufene Motivationswettbewerb den 1. Preis des Hessischen Feuerwehrpreises der Sparda-Bank Hessen.<\/p>\n<p>Dieser Preis war mit einem Preisgeld von 2500,- Euro dotiert. Eine Delegation durfte im Dezember der im Rahmen einer Feierstunde durch den Hessischen Innenminister Boris Rhein entgegen nehmen. Zur Unterst\u00fctzung der ehrenamtlichen Jugendarbeit wurde durch den Landkreis eine Stelle zum Freiwilligen Sozialen Jahr in der Feuerwehr geschaffen. Diese Position konnte ab September besetzt werden und entlastete seither den Kreisjugendfeuerwehrausschuss in allen Bereichen. \u00dcber 9 erfolgreiche Aus-, Fort-, und Weiterbildungsma\u00dfnahmen berichtete die Fachbereichsleiterin Julia Roeschies. Leider mussten auch Bildungsveranstaltungen wegen Teilnehmermangel abgesagt werden.<\/p>\n<p><a href=\"http:\/\/www.fuldaer-nachrichten.de\/wp-content\/uploads\/2011\/02\/110210_Versammlung_002.jpg\"><img decoding=\"async\" class=\"alignnone size-thumbnail wp-image-82430\" title=\"110210_Versammlung_002\" src=\"http:\/\/www.fuldaer-nachrichten.de\/wp-content\/uploads\/2011\/02\/110210_Versammlung_002-265x176.jpg\" alt=\"\" width=\"265\" height=\"176\" srcset=\"https:\/\/www.fuldaernachrichten.de\/wp-content\/uploads\/2011\/02\/110210_Versammlung_002-265x176.jpg 265w, https:\/\/www.fuldaernachrichten.de\/wp-content\/uploads\/2011\/02\/110210_Versammlung_002.jpg 592w\" sizes=\"(max-width: 265px) 100vw, 265px\" \/><\/a> <a href=\"http:\/\/www.fuldaer-nachrichten.de\/wp-content\/uploads\/2011\/02\/110210_Versammlung_003.jpg\"><img decoding=\"async\" class=\"alignnone size-thumbnail wp-image-82431\" title=\"110210_Versammlung_003\" src=\"http:\/\/www.fuldaer-nachrichten.de\/wp-content\/uploads\/2011\/02\/110210_Versammlung_003-265x176.jpg\" alt=\"\" width=\"265\" height=\"176\" srcset=\"https:\/\/www.fuldaernachrichten.de\/wp-content\/uploads\/2011\/02\/110210_Versammlung_003-265x176.jpg 265w, https:\/\/www.fuldaernachrichten.de\/wp-content\/uploads\/2011\/02\/110210_Versammlung_003.jpg 592w\" sizes=\"(max-width: 265px) 100vw, 265px\" \/><\/a><\/p>\n<p>\u00dcber die Wettbewerbe und die Wertungsrichter berichte Julian Mauchel in Vertretung f\u00fcr Annika Maul, die Verhindert war und den Fachbereich Wettbewerbe betreut. \u00dcber die zahlreichen Gro\u00dfveranstaltungen wie den Aktionstag der Hessischen Jugendfeuerwehr in Gro\u00dfen-Buseck, das Tischtennisturnier in Hofbieber und das Kreisjugendfeuerwehrzeltlager in Tann konnten Ren\u00e9 Bolz und Daniel Heil zur\u00fcckblicken. Der Fachbereichsleiter \u00d6ffentlichkeitsarbeit Steffen Hohmann konnte \u00fcber eine erfolgreiche Berichterstattung aller Veranstaltungen erz\u00e4hlen und auch die Verbandseigene Zeitung \u201eFl\u00fcstert\u00fcte\u201c wurde in 2 Ausgaben aufgelegt. Das sogenannte Jugendforum, wo sich alle Sprecher der St\u00e4dte und Gemeinden insgesamt 3 mal trafen wurde durch Juliane Braun, Julian H\u00fcfner und Kevin Kimpel organisiert und durchgef\u00fchrt. \u00dcber die Haushaltslage berichtete der Kassierer Patrick D\u00f6ring.<\/p>\n<p><strong> <\/strong><\/p>\n<p><strong>Nachwahlen f\u00fcr Fachbereiche des Kreisjugendfeuerwehrausschusses<\/strong><\/p>\n<p>Aus zeitlichen und privaten Gr\u00fcnden stellten die Fachbereichsleiter Julia Roeschies und Ren\u00e9 Bolz ihr Amt zur Verf\u00fcgung, so dass diese neu besetzt werden mussten. Hierf\u00fcr stimmte die Versammlung f\u00fcr Andrea Ulrich aus Tann, die den Bereich Aus-, Fort- und Weiterbildung \u00fcbernimmt. Nico Blum aus Petersberg &#8211; Margretenhaun wird k\u00fcnftig den Fachbereich Gro\u00dfveranstaltung zusammen mit David Heil aus Eichenzell &#8211; Welkers betreuen. Letztere hatte die Position seither nur kommissarisch inne.<\/p>\n<p><strong> <\/strong><\/p>\n<p><strong> <\/strong><\/p>\n<p><strong>Ehrungen<\/strong><\/p>\n<p><strong><a href=\"http:\/\/www.fuldaer-nachrichten.de\/wp-content\/uploads\/2011\/02\/110210_Versammlung_005.jpg\"><img loading=\"lazy\" decoding=\"async\" class=\"alignnone size-thumbnail wp-image-82428\" title=\"110210_Versammlung_005\" src=\"http:\/\/www.fuldaer-nachrichten.de\/wp-content\/uploads\/2011\/02\/110210_Versammlung_005-265x198.jpg\" alt=\"\" width=\"265\" height=\"188\" \/> <\/a><\/strong><a href=\"http:\/\/www.fuldaer-nachrichten.de\/wp-content\/uploads\/2011\/02\/110210_Versammlung_005.jpg\"><strong> <\/strong><\/a><strong><a href=\"..\/wp-content\/uploads\/2011\/02\/110210_Versammlung_001.jpg\"><img loading=\"lazy\" decoding=\"async\" title=\"110210_Versammlung_001\" src=\"..\/wp-content\/uploads\/2011\/02\/110210_Versammlung_001-265x176.jpg\" alt=\"\" width=\"265\" height=\"188\" \/><\/a><\/strong><strong><br \/>\n<\/strong><\/p>\n<p>Im Rahmen einer Fortbildungsveranstaltung hatte die Kreisjugendfeuerwehr Fulda in Kooperation mit dem DLRG Osthessen das Rettungsschwimmerabzeichen angeboten. Folgende Feuerwehrleute haben die Pr\u00fcfung f\u00fcr das Deutsche\u00c2\u00a0 Rettungsschwimmabzeichen in Bronze bestanden: Juliane Braun, Vanessa Henkel, Marvin Barth, Johannes Kircher, Kevin Kimpel, Michael Schneider, Johanna Arbes, Marius Frohnapfel und\u00c2\u00a0 Dominik Breitung. Das Deutsche Rettungsschwimmabzeichen in Silber wurde an Thorsten Braun, Dirk Hartmann, Julian H\u00fcfner und Nils Kirchhof \u00fcberreicht.<\/p>\n<p>F\u00fcr ihr Verdienste in der Jugendfeuerwehrarbeit wurden Hans Wehner aus Ehrenberg-W\u00fcstensachsen und Maria Handwerk vom Gefahrenabwehrzentrum mit\u00c2\u00a0 Ehrennadel der Kreisjugendfeuerwehr Fulda in Bronze ausgezeichnet. Die Silberne Ehrennadel bekamen Julia Roeschies aus Hilders und Klaus Blum aus Petersberg &#8211; Magretenhaun \u00fcberreicht. Mit der Ehrennadel der Kreisjugendfeuerwehr Fulda in Gold wurden Ren\u00e9 Bolz aus Ebersburg \u2013 Thalau und Arno Henkel aus Neuhof \u2013 Rommerz geehrt.<\/p>\n<p><strong> <\/strong><\/p>\n<p><strong>Motivationswettbewerb<\/strong><\/p>\n<p><a href=\"http:\/\/www.fuldaer-nachrichten.de\/wp-content\/uploads\/2011\/02\/110210_Versammlung_015.jpg\"><img loading=\"lazy\" decoding=\"async\" class=\"alignleft size-thumbnail wp-image-82429\" title=\"110210_Versammlung_015\" src=\"http:\/\/www.fuldaer-nachrichten.de\/wp-content\/uploads\/2011\/02\/110210_Versammlung_015-265x176.jpg\" alt=\"\" width=\"265\" height=\"176\" srcset=\"https:\/\/www.fuldaernachrichten.de\/wp-content\/uploads\/2011\/02\/110210_Versammlung_015-265x176.jpg 265w, https:\/\/www.fuldaernachrichten.de\/wp-content\/uploads\/2011\/02\/110210_Versammlung_015.jpg 592w\" sizes=\"(max-width: 265px) 100vw, 265px\" \/><\/a>Die Kreisjugendfeuerwehr Fulda schrieb vergangenes Jahr den sogenannten Motivationswettbewerb aus. Bei diesem Wettbewerb bekommen die Jugendgruppen f\u00fcr die Teilnahme an Veranstaltungen auf Kreis- und Gemeindeebene nach einem vorgegebenen Punktesystem Bonuspunkte. Diese werden auf einem Ausweis abgestempelt und am Jahresende zur Auswertung abgegeben. Die Durchf\u00fchrungen von kulturellen und sozialen Aktivit\u00e4ten im eigenen Ort sind von hoher Bedeutung. Auch, ob die Mitglieder einen Migrationshintergrund haben oder Jugendliche mit Handicap bei der Jugendfeuerwehr mitmachen. Frauen im F\u00fchrungsteam oder eine Zusammenarbeit mit der Einsatzabteilung z\u00e4hlen ebenso wie die Mitarbeit auf Gemeindeebene. Macht beispielweise eine Gruppe aktiv Mitgliederwerbung so gibt es extra Punkte. Besondere Aktionen oder Veranstaltungen sind ebenfalls ma\u00dfgebend. Auch die Betreuer m\u00fcssen ihren Beitrag dazugeben und die Gruppe p\u00fcnktlich zu den Aktivit\u00e4ten der Kreisjugendfeuerwehr Fulda anmelden. Ist der Jugendfeuerwehrwart qualifiziert ausgebildet und hat eine g\u00fcltige Jugendleitercard, so gibt es weitere 100 Z\u00e4hlerpunkte.<\/p>\n<p>Die Jugendfeuerwehr Burghaun hat hierbei mit ihren vielen Aktionen den 1. Platz belegt und ist somit \u201eJugendfeuerwehr des Jahres 2010 im Landkreis Fulda!\u201c. Neben einem gro\u00dfen Wanderpokal, einem Erinnerungspokal mit Gl\u00fcckwunschkarte d\u00fcrfen die Jugendlichen an einem Rundflug mit einem Motorsegler von der Wasserkuppe aus, teilnehmen. Dieser Preis wurde durch den Landkreis Fulda gesponsert. Den 2. Rang belegte die Gruppe aus Neuhof \u2013 Rommerz. Der Sachpreis hierbei ist ein Besuch der Volkswagenwerke in Baunatal mit F\u00fchrung, Mittagessen und abschlie\u00dfenden Besuch der Werkfeuerwehr und wurde durch die Volkswagen AG und den RP Kassel bereitgestellt. Hiernach folgte die Mannschaft aus H\u00fcnfeld \u2013 Mackenzell \/ Molzbach und darf den Hessischen Landtag in Wiesbaden inklusiv einer F\u00fchrung besuchen. Realisiert wurde dieser Sachpreis durch den Hessischen Innenminister Boris Rhein. Insgesamt nahmen 21 Jugendfeuerwehren an dem Motivationswettbewerb teil.<\/p>\n<p><strong>Viel Lob bei den Gru\u00dfworten<\/strong><\/p>\n<p><a href=\"..\/wp-content\/uploads\/2011\/02\/110210_Versammlung_010.jpg\"><img loading=\"lazy\" decoding=\"async\" title=\"110210_Versammlung_010\" src=\"..\/wp-content\/uploads\/2011\/02\/110210_Versammlung_010-265x176.jpg\" alt=\"\" width=\"265\" height=\"176\" \/><\/a> <a href=\"..\/wp-content\/uploads\/2011\/02\/110210_Versammlung_016.jpg\"><img loading=\"lazy\" decoding=\"async\" title=\"110210_Versammlung_016\" src=\"..\/wp-content\/uploads\/2011\/02\/110210_Versammlung_016-265x176.jpg\" alt=\"\" width=\"265\" height=\"176\" \/><\/a><\/p>\n<p><a href=\"..\/wp-content\/uploads\/2011\/02\/110210_Versammlung_007.jpg\"><img loading=\"lazy\" decoding=\"async\" title=\"110210_Versammlung_007\" src=\"..\/wp-content\/uploads\/2011\/02\/110210_Versammlung_007-265x176.jpg\" alt=\"\" width=\"265\" height=\"176\" \/><\/a> <a href=\"..\/wp-content\/uploads\/2011\/02\/110210_Versammlung_004.jpg\"><img loading=\"lazy\" decoding=\"async\" title=\"110210_Versammlung_004\" src=\"..\/wp-content\/uploads\/2011\/02\/110210_Versammlung_004-265x176.jpg\" alt=\"\" width=\"265\" height=\"176\" \/><\/a><\/p>\n<p>Erster Kreisbeigeordneter Dr. Heiko Wingenfeld hob den 1. Platz der Kreisjugendfeuerwehr Fulda beim Hessischen Feuerwehrpreis der Sparda-Bank Hessen hervor und nannte diese Auszeichnung als sehr beispielhaft. Auch das Freiwillige Soziale Jahr bei der\u00c2\u00a0 Feuerwehr war der Richtige Weg in die Zukunft, um die Ehrenamtlichkeit zu entlasten. Der stellvertretende Kreisbrandinspektor Bernd Sch\u00e4del hob die Vielfalt der Jugendarbeit in der Feuerwehr hervor. Weiterhin rief er die jungen Leute dazu auf bei ihren \u00c2\u00a0Freunden f\u00fcr die Jugendfeuerwehr zu werben, denn nur so ist es m\u00f6glich viele neue Mitglieder zu gewinnen.<\/p>\n<p>Gemeindebrandinspektor Otto Naderer erw\u00e4hnte in seinem Gru\u00dfwort, dass er stolz auf seine Jugendwehren sei, denn ohne diese g\u00e4be es heute keine schlagkr\u00e4ftige Feuerwehr in der Gemeinde Ehrenberg. Er w\u00fcnschte allen Jugendlichen und Betreuer viel Spa\u00df bei ihrer T\u00e4tigkeit. Auch B\u00fcrgermeister Thomas Schreiner dankte f\u00fcr die hervorragende Leistung, die in den 134 Gruppen absolviert wurde. Als Anerkennung verloste er ein Zeltlagerwochenende mit den Jugendfeuerwehren der Gemeinde Ehrenberg. Als Gewinner wurde die Jugendfeuerwehr aus Eiterfeld \u2013 Leibolz nominiert und bekommt das Lager von der Ehrenberger Gemeinde gestiftet. (sh)<\/p>\n","protected":false},"excerpt":{"rendered":"<div class=\"tmnf_excerpt\"><p>Ehrenberg &#8211; W\u00fcstensachsen. Am vergangenen Samstag trafen sich 211 F\u00fchrungskr\u00e4fte der Jugendfeuerwehren und Feuerwehren zur Vollversammlung der Kreisjugendfeuerwehr Fulda im B\u00fcrgerhaus in Ehrenberg \u2013 W\u00fcstensachsen. Auf der Tagesordnung standen der Jahresbericht des Kreisjugendfeuerwehrausschusses, die Vergabe von Veranstaltungen, Nachwahlen, Ehrungen sowie die Auszeichnung zur Jugendfeuerwehr des Jahres 2010. Kreisjugendfeuerwehrwart Michael Knoth begr\u00fc\u00dfte zu Beginn alle Anwesende &hellip;<\/p>\n<\/div>","protected":false},"author":1,"featured_media":0,"comment_status":"closed","ping_status":"closed","sticky":false,"template":"","format":"standard","meta":{"footnotes":""},"categories":[1,71],"tags":[],"class_list":["post-82421","post","type-post","status-publish","format-standard","hentry","category-startseite","category-feuerwehr"],"_links":{"self":[{"href":"https:\/\/www.fuldaernachrichten.de\/index.php?rest_route=\/wp\/v2\/posts\/82421","targetHints":{"allow":["GET"]}}],"collection":[{"href":"https:\/\/www.fuldaernachrichten.de\/index.php?rest_route=\/wp\/v2\/posts"}],"about":[{"href":"https:\/\/www.fuldaernachrichten.de\/index.php?rest_route=\/wp\/v2\/types\/post"}],"author":[{"embeddable":true,"href":"https:\/\/www.fuldaernachrichten.de\/index.php?rest_route=\/wp\/v2\/users\/1"}],"replies":[{"embeddable":true,"href":"https:\/\/www.fuldaernachrichten.de\/index.php?rest_route=%2Fwp%2Fv2%2Fcomments&post=82421"}],"version-history":[{"count":0,"href":"https:\/\/www.fuldaernachrichten.de\/index.php?rest_route=\/wp\/v2\/posts\/82421\/revisions"}],"wp:attachment":[{"href":"https:\/\/www.fuldaernachrichten.de\/index.php?rest_route=%2Fwp%2Fv2%2Fmedia&parent=82421"}],"wp:term":[{"taxonomy":"category","embeddable":true,"href":"https:\/\/www.fuldaernachrichten.de\/index.php?rest_route=%2Fwp%2Fv2%2Fcategories&post=82421"},{"taxonomy":"post_tag","embeddable":true,"href":"https:\/\/www.fuldaernachrichten.de\/index.php?rest_route=%2Fwp%2Fv2%2Ftags&post=82421"}],"curies":[{"name":"wp","href":"https:\/\/api.w.org\/{rel}","templated":true}]}}