{"id":8225,"date":"2008-03-12T00:04:09","date_gmt":"2008-03-11T23:04:09","guid":{"rendered":"http:\/\/www.schoene-nachrichten.de\/?p=8225"},"modified":"2008-03-12T00:04:09","modified_gmt":"2008-03-11T23:04:09","slug":"iris-thurnherr-und-christina-kaiser-mit-gutem-saisonauftakt-bei-der-rallye-oberland","status":"publish","type":"post","link":"https:\/\/www.fuldaernachrichten.de\/?p=8225","title":{"rendered":"Iris Thurnherr und Christina Kaiser mit gutem Saisonauftakt bei der Rallye Oberland"},"content":{"rendered":"<p><strong><a rel=\"lightbox[roadtrip]\" href=\"http:\/\/www.schoene-nachrichten.de\/wp-content\/uploads\/2008\/03\/080311_rallye_011.jpg\" title=\"080311_rallye_011.jpg\"><img decoding=\"async\" align=\"left\" src=\"http:\/\/www.schoene-nachrichten.de\/wp-content\/uploads\/2008\/03\/080311_rallye_011.thumbnail.jpg\" hspace=\"5\" alt=\"080311_rallye_011.jpg\" \/><\/a>Motorsport.<\/strong> Mit Ihrer neuen Fahrerin, der 24-j\u00e4hrigen Schweizerin Iris Thurnherr, startete die erst 21-j\u00e4hrige K\u00f6nigsbergerin Christina Kaiser auf dem Beifahrersitz des Suzuki Swift Sport zum Saisonauftakt des Suzuki Rallye Cups bei der 14. ADAC-Rallye Oberland. Das einzige Damenteam im Cup hat sich f\u00fcr die Saison 2008 hohe Ziele gesteckt und wollte auch schon bei der ersten Veranstaltung ein Zeichen setzen.<\/p>\n<p><!--more-->14 anspruchsvolle Wertungspr\u00fcfungen, teilweise eisig und mit Schnee bedeckt, stellten sich als gro\u00dfe Herausforderung f\u00fcr alle Teilnehmer dar. Schon am Freitagabend wurden drei von 14 Wertungspr\u00fcfungen in Angriff genommen. Mit einem guten 6. Platz von 16 Teilnehmern im Cup, schlossen die beiden den ersten Tag ab. Samstagmorgen wollte zun\u00e4chst nicht alles wie gew\u00fcnscht verlaufen. Mit einem Dreher auf der ersten Wertungspr\u00fcfung verloren die Damen schon wertvolle Sekunden auf die F\u00fchrenden. Jedoch legten sie gegen Mittag richtig los. Mit 9,2 Sekunden R\u00fcckstand auf Platz vier ging es weiter zu den letzen drei Wertungspr\u00fcfungen. Schon auf WP 12 konnten sie ihren R\u00fcckstand auf nur noch 1,2 Sekunden verringern. Doch ein weiterer Dreher auf der vorletzten WP, der sie erneut circa 30 Sekunden kostete, nahm beiden den Traum vom vierten Platz. Dennoch zufrieden schlossen Iris und Christina die Veranstaltung mit einem guten f\u00fcnften Rang ab und konnten auch erste Punkte im Suzuki Rallye Cup sammeln.<\/p>\n<p>Die n\u00e4chste Veranstaltung f\u00fcr Iris und Christina wird Ende M\u00e4rz die Rallye &#8220;Pays du Gier&#8221; in Frankreich sein. Der n\u00e4chste Cup-Lauf findet im April zur Rallye Erzgebirge statt.<\/p>\n","protected":false},"excerpt":{"rendered":"<div class=\"tmnf_excerpt\"><p>Motorsport. Mit Ihrer neuen Fahrerin, der 24-j\u00e4hrigen Schweizerin Iris Thurnherr, startete die erst 21-j\u00e4hrige K\u00f6nigsbergerin Christina Kaiser auf dem Beifahrersitz des Suzuki Swift Sport zum Saisonauftakt des Suzuki Rallye Cups bei der 14. ADAC-Rallye Oberland. Das einzige Damenteam im Cup hat sich f\u00fcr die Saison 2008 hohe Ziele gesteckt und wollte auch schon bei der &hellip;<\/p>\n<\/div>","protected":false},"author":1,"featured_media":0,"comment_status":"closed","ping_status":"closed","sticky":false,"template":"","format":"standard","meta":{"footnotes":""},"categories":[1,35,72,46],"tags":[],"class_list":["post-8225","post","type-post","status-publish","format-standard","hentry","category-startseite","category-auto","category-jugend","category-sport"],"_links":{"self":[{"href":"https:\/\/www.fuldaernachrichten.de\/index.php?rest_route=\/wp\/v2\/posts\/8225","targetHints":{"allow":["GET"]}}],"collection":[{"href":"https:\/\/www.fuldaernachrichten.de\/index.php?rest_route=\/wp\/v2\/posts"}],"about":[{"href":"https:\/\/www.fuldaernachrichten.de\/index.php?rest_route=\/wp\/v2\/types\/post"}],"author":[{"embeddable":true,"href":"https:\/\/www.fuldaernachrichten.de\/index.php?rest_route=\/wp\/v2\/users\/1"}],"replies":[{"embeddable":true,"href":"https:\/\/www.fuldaernachrichten.de\/index.php?rest_route=%2Fwp%2Fv2%2Fcomments&post=8225"}],"version-history":[{"count":0,"href":"https:\/\/www.fuldaernachrichten.de\/index.php?rest_route=\/wp\/v2\/posts\/8225\/revisions"}],"wp:attachment":[{"href":"https:\/\/www.fuldaernachrichten.de\/index.php?rest_route=%2Fwp%2Fv2%2Fmedia&parent=8225"}],"wp:term":[{"taxonomy":"category","embeddable":true,"href":"https:\/\/www.fuldaernachrichten.de\/index.php?rest_route=%2Fwp%2Fv2%2Fcategories&post=8225"},{"taxonomy":"post_tag","embeddable":true,"href":"https:\/\/www.fuldaernachrichten.de\/index.php?rest_route=%2Fwp%2Fv2%2Ftags&post=8225"}],"curies":[{"name":"wp","href":"https:\/\/api.w.org\/{rel}","templated":true}]}}