{"id":8221,"date":"2008-03-13T00:38:18","date_gmt":"2008-03-12T23:38:18","guid":{"rendered":"http:\/\/www.schoene-nachrichten.de\/?p=8221"},"modified":"2008-03-12T23:38:28","modified_gmt":"2008-03-12T22:38:28","slug":"angebote-des-volksbundes-deutsche-kriegsgraeberfuersorge-ev-im-sommer-2008","status":"publish","type":"post","link":"https:\/\/www.fuldaernachrichten.de\/?p=8221","title":{"rendered":"Angebote des Volksbundes Deutsche Kriegsgr\u00e4berf\u00fcrsorge e.V. im Sommer 2008"},"content":{"rendered":"<p><strong>Fulda.<\/strong> Der hessische Landesverband des Volksbundes Deutsche Kriegs-gr\u00e4berf\u00fcrsorge e.V. hat f\u00fcr das Jahr 2008 wieder ein umfangreiches Workcampprogramm f\u00fcr Jugendliche zusammengestellt. Unter dem Motto \u201eArbeiten f\u00fcr den Frieden \u2013 Vers\u00f6hnung \u00fcber den Gr\u00e4bern\u201c k\u00f6nnen Jugendliche interessante L\u00e4nder bereisen, andere Kulturen kennenlernen und gemeinsam mit ausl\u00e4ndischen Jugendlichen auf Kriegsgr\u00e4ber- und Gedenkst\u00e4tten arbeiten. <!--more--><\/p>\n<p>Neben der Arbeit besuchen die Jugendlichen Sehensw\u00fcrdigkeiten des Landes und setzen sich mit der deutschen und europ\u00e4ischen Geschichte auseinander. Dabei steht besonders die Begegnung von Menschen der verschiedensten Nationen im Vordergrund. Wichtig daf\u00fcr sind Spa\u00df und das Interesse an Land und Leuten sowie eine offene und tolerante Einstellung.<\/p>\n<p>Wie auch im letzten Jahr f\u00fchrt der Landesverband Hessen interessante Workcamps u.a. in Frankreich, Deutschland, Polen, Litauen und Russland durch. Folgende Termine hat der Landesverband Hessen organisiert:<\/p>\n<p>Russland: Tambov 19.07\u201302.08.2008, ab 18 Jahren, f\u00fcr 389\u00e2\u201a\u00ac<br \/>\nPolen: Strzegom 19.07-02.08.2008, ab 18 Jahren, f\u00fcr 199\u00e2\u201a\u00ac<br \/>\nLitauen: Siauliai 19.07-02.08.2008, ab 16 Jahren, f\u00fcr 339\u00e2\u201a\u00ac<br \/>\nFrankreich: Comines 28.06\u201312.07.2008, ab 14 Jahren, f\u00fcr 249\u00e2\u201a\u00ac<br \/>\nHessen: Eschwege 12.07\u201327.07.2008, ab 16 Jahren, f\u00fcr 100\u00e2\u201a\u00ac<\/p>\n<p>Weitere Informationen \u00fcber die Angebote und den Gesamtkatalog 2008 mit ca. 65 Workcampangeboten k\u00f6nnen Sie kostenlos vom Jugendreferenten R\u00fcdiger Klinge, Volksbund Deutsche Kriegsgr\u00e4ber-f\u00fcrsorge e.V., LV Hessen, Sandweg 7, 60316 Frankfurt am Main, Tel.: 069\/94490711, Fax: 069\/94490770 oder per E-mail an jugend-hessen@volksbund.de erhalten.<\/p>\n","protected":false},"excerpt":{"rendered":"<div class=\"tmnf_excerpt\"><p>Fulda. Der hessische Landesverband des Volksbundes Deutsche Kriegs-gr\u00e4berf\u00fcrsorge e.V. hat f\u00fcr das Jahr 2008 wieder ein umfangreiches Workcampprogramm f\u00fcr Jugendliche zusammengestellt. Unter dem Motto \u201eArbeiten f\u00fcr den Frieden \u2013 Vers\u00f6hnung \u00fcber den Gr\u00e4bern\u201c k\u00f6nnen Jugendliche interessante L\u00e4nder bereisen, andere Kulturen kennenlernen und gemeinsam mit ausl\u00e4ndischen Jugendlichen auf Kriegsgr\u00e4ber- und Gedenkst\u00e4tten arbeiten.<\/p>\n<\/div>","protected":false},"author":1,"featured_media":0,"comment_status":"closed","ping_status":"closed","sticky":false,"template":"","format":"standard","meta":{"footnotes":""},"categories":[1,53,72],"tags":[],"class_list":["post-8221","post","type-post","status-publish","format-standard","hentry","category-startseite","category-bildung","category-jugend"],"_links":{"self":[{"href":"https:\/\/www.fuldaernachrichten.de\/index.php?rest_route=\/wp\/v2\/posts\/8221","targetHints":{"allow":["GET"]}}],"collection":[{"href":"https:\/\/www.fuldaernachrichten.de\/index.php?rest_route=\/wp\/v2\/posts"}],"about":[{"href":"https:\/\/www.fuldaernachrichten.de\/index.php?rest_route=\/wp\/v2\/types\/post"}],"author":[{"embeddable":true,"href":"https:\/\/www.fuldaernachrichten.de\/index.php?rest_route=\/wp\/v2\/users\/1"}],"replies":[{"embeddable":true,"href":"https:\/\/www.fuldaernachrichten.de\/index.php?rest_route=%2Fwp%2Fv2%2Fcomments&post=8221"}],"version-history":[{"count":0,"href":"https:\/\/www.fuldaernachrichten.de\/index.php?rest_route=\/wp\/v2\/posts\/8221\/revisions"}],"wp:attachment":[{"href":"https:\/\/www.fuldaernachrichten.de\/index.php?rest_route=%2Fwp%2Fv2%2Fmedia&parent=8221"}],"wp:term":[{"taxonomy":"category","embeddable":true,"href":"https:\/\/www.fuldaernachrichten.de\/index.php?rest_route=%2Fwp%2Fv2%2Fcategories&post=8221"},{"taxonomy":"post_tag","embeddable":true,"href":"https:\/\/www.fuldaernachrichten.de\/index.php?rest_route=%2Fwp%2Fv2%2Ftags&post=8221"}],"curies":[{"name":"wp","href":"https:\/\/api.w.org\/{rel}","templated":true}]}}