{"id":822,"date":"2007-01-15T14:10:27","date_gmt":"2007-01-15T13:10:27","guid":{"rendered":"http:\/\/www.schoene-nachrichten.de\/?p=822"},"modified":"2007-01-15T14:11:23","modified_gmt":"2007-01-15T13:11:23","slug":"exerzitien-besinnung-und-meditation-seminarangebot-des-bistums","status":"publish","type":"post","link":"https:\/\/www.fuldaernachrichten.de\/?p=822","title":{"rendered":"Exerzitien, Besinnung und Meditation &#8211; Seminarangebot des Bistums"},"content":{"rendered":"<p><strong>Sch\u00f6nes aus Fulda.<\/strong>\u00c2\u00a0Die neue Brosch\u00fcre mit den Kursangeboten des Bistums Fulda zu Exerzitien, Besinnung und Meditation ist erschienen. Die \u00dcbersicht \u00fcber das ganze Jahr 2007 soll Interessierten eine Einplanung von Besinnungs- und geistlichen Tagen in ihren Alltag erleichtern.\u00c2\u00a0<\/p>\n<p>\u00c2\u00a0<\/p>\n<p><!--more-->Insgesamt sind es \u00fcber 130 Kursgebote, die im neuen Jahres-Exerzitienplan von Januar bis Dezember 2007 in der handlichen Brosch\u00fcre \u00fcbersichtlich aufgegliedert sind. Auch im Internet unter <a href=\"http:\/\/www.bistum-fulda.de\" target=\"_blank\">www.bistum-fulda.de<\/a> findet sich das Programm unter \u201eKirche aktiv, Seelsorge &#038; Hilfe, Exerzitien\u201c und kann komplett abgerufen werden. Die Angebote sind in dem Exerzitienplan nach Veranstaltungsart aufgef\u00fchrt.<\/p>\n","protected":false},"excerpt":{"rendered":"<div class=\"tmnf_excerpt\"><p>Sch\u00f6nes aus Fulda.\u00c2\u00a0Die neue Brosch\u00fcre mit den Kursangeboten des Bistums Fulda zu Exerzitien, Besinnung und Meditation ist erschienen. Die \u00dcbersicht \u00fcber das ganze Jahr 2007 soll Interessierten eine Einplanung von Besinnungs- und geistlichen Tagen in ihren Alltag erleichtern.\u00c2\u00a0 \u00c2\u00a0<\/p>\n<\/div>","protected":false},"author":1,"featured_media":0,"comment_status":"closed","ping_status":"closed","sticky":false,"template":"","format":"standard","meta":{"footnotes":""},"categories":[1,50],"tags":[],"class_list":["post-822","post","type-post","status-publish","format-standard","hentry","category-startseite","category-kirche"],"_links":{"self":[{"href":"https:\/\/www.fuldaernachrichten.de\/index.php?rest_route=\/wp\/v2\/posts\/822","targetHints":{"allow":["GET"]}}],"collection":[{"href":"https:\/\/www.fuldaernachrichten.de\/index.php?rest_route=\/wp\/v2\/posts"}],"about":[{"href":"https:\/\/www.fuldaernachrichten.de\/index.php?rest_route=\/wp\/v2\/types\/post"}],"author":[{"embeddable":true,"href":"https:\/\/www.fuldaernachrichten.de\/index.php?rest_route=\/wp\/v2\/users\/1"}],"replies":[{"embeddable":true,"href":"https:\/\/www.fuldaernachrichten.de\/index.php?rest_route=%2Fwp%2Fv2%2Fcomments&post=822"}],"version-history":[{"count":0,"href":"https:\/\/www.fuldaernachrichten.de\/index.php?rest_route=\/wp\/v2\/posts\/822\/revisions"}],"wp:attachment":[{"href":"https:\/\/www.fuldaernachrichten.de\/index.php?rest_route=%2Fwp%2Fv2%2Fmedia&parent=822"}],"wp:term":[{"taxonomy":"category","embeddable":true,"href":"https:\/\/www.fuldaernachrichten.de\/index.php?rest_route=%2Fwp%2Fv2%2Fcategories&post=822"},{"taxonomy":"post_tag","embeddable":true,"href":"https:\/\/www.fuldaernachrichten.de\/index.php?rest_route=%2Fwp%2Fv2%2Ftags&post=822"}],"curies":[{"name":"wp","href":"https:\/\/api.w.org\/{rel}","templated":true}]}}