{"id":8209,"date":"2008-03-11T02:11:45","date_gmt":"2008-03-11T01:11:45","guid":{"rendered":"http:\/\/www.schoene-nachrichten.de\/?p=8209"},"modified":"2008-03-11T02:11:45","modified_gmt":"2008-03-11T01:11:45","slug":"ehrenzeichen-der-marktgemeinde-burghaun-an-josef-dietz-verliehen","status":"publish","type":"post","link":"https:\/\/www.fuldaernachrichten.de\/?p=8209","title":{"rendered":"Ehrenzeichen der Marktgemeinde Burghaun an Josef Dietz verliehen"},"content":{"rendered":"<p><strong><a href=\"http:\/\/www.schoene-nachrichten.de\/wp-content\/uploads\/2008\/03\/080311_dietz.jpg\" rel=\"lightbox[roadtrip]\" target=\"_blank\" title=\"080311_dietz.jpg\"><img decoding=\"async\" src=\"http:\/\/www.schoene-nachrichten.de\/wp-content\/uploads\/2008\/03\/080311_dietz.thumbnail.jpg\" alt=\"080311_dietz.jpg\" align=\"left\" hspace=\"5\" \/><\/a>Burghaun.<\/strong> Zur gro\u00dfen \u00dcberraschung von Josef Dietz, H\u00fcnhan, konnte ihm B\u00fcrgermeister Hohmann anl\u00e4sslich seiner Feier zum 60. Geburtstag das \u201eEhrenzeichen\u201c der Marktgemeinde Burghaun \u00fcberreichen. <!--more-->Seit \u00fcber 30 Jahren hat sich Josef Dietz in besonderem Ma\u00dfe f\u00fcr den Naturschutz in der Marktgemeinde Burghaun eingesetzt. Sein ehrenamtliches Engagement umfasst unter anderem die T\u00e4tigkeit als 1. Vorsitzender des Naturschutzbundes Burghaun-Gruben, Beauftragter der Staatlichen Vogelschutzwarte im Bereich H\u00fcnhan und Beauftragter der Oberen Naturschutzbeh\u00f6rde f\u00fcr das Naturschutzgebiet \u201eGro\u00dfes Moor\u201c in Gro\u00dfenmoor.<\/p>\n<p>Dar\u00fcber hinaus war er von 1985 bis 1997 Mitglied im Ortsbeirat H\u00fcnhan und hat von 1996 bis 2004 den Partnerschaftsverein Burghaun-Mertzwiller als 1. Vorsitzender gef\u00fchrt. Besondere Freude war Josef Dietz anzumerken, dass auch aus der Partnergemeinde Gilbert Beller nach Burghaun gekommen war, um ihm zu seinem Geburtstag zu gratulieren.<\/p>\n<p>Der Gemeindevorstand nahm dieses ehrenamtliche Engagement , f\u00fcr das er im Jahr 2002 auch mit dem Ehrenbrief des Landes Hessen ausgezeichnet wurde, zum Anlass, Josef Dietz mit der Verleihung des \u201eEhrenzeichens\u201c der Marktgemeinde Burghaun zu w\u00fcrdigen.<\/p>\n<p>Das Ehrenzeichen der Marktgemeinde wird bereits seit 1965 an B\u00fcrgerinnen und B\u00fcrger verliehen, die sich \u00fcber einen Zeitraum von mindestens 20 Jahren ehrenamtlich in Kommunalpolitik, dem Sport oder der Kultur engagieren.<\/p>\n","protected":false},"excerpt":{"rendered":"<div class=\"tmnf_excerpt\"><p>Burghaun. Zur gro\u00dfen \u00dcberraschung von Josef Dietz, H\u00fcnhan, konnte ihm B\u00fcrgermeister Hohmann anl\u00e4sslich seiner Feier zum 60. Geburtstag das \u201eEhrenzeichen\u201c der Marktgemeinde Burghaun \u00fcberreichen.<\/p>\n<\/div>","protected":false},"author":1,"featured_media":0,"comment_status":"closed","ping_status":"closed","sticky":false,"template":"","format":"standard","meta":{"footnotes":""},"categories":[1,52],"tags":[],"class_list":["post-8209","post","type-post","status-publish","format-standard","hentry","category-startseite","category-umwelt"],"_links":{"self":[{"href":"https:\/\/www.fuldaernachrichten.de\/index.php?rest_route=\/wp\/v2\/posts\/8209","targetHints":{"allow":["GET"]}}],"collection":[{"href":"https:\/\/www.fuldaernachrichten.de\/index.php?rest_route=\/wp\/v2\/posts"}],"about":[{"href":"https:\/\/www.fuldaernachrichten.de\/index.php?rest_route=\/wp\/v2\/types\/post"}],"author":[{"embeddable":true,"href":"https:\/\/www.fuldaernachrichten.de\/index.php?rest_route=\/wp\/v2\/users\/1"}],"replies":[{"embeddable":true,"href":"https:\/\/www.fuldaernachrichten.de\/index.php?rest_route=%2Fwp%2Fv2%2Fcomments&post=8209"}],"version-history":[{"count":0,"href":"https:\/\/www.fuldaernachrichten.de\/index.php?rest_route=\/wp\/v2\/posts\/8209\/revisions"}],"wp:attachment":[{"href":"https:\/\/www.fuldaernachrichten.de\/index.php?rest_route=%2Fwp%2Fv2%2Fmedia&parent=8209"}],"wp:term":[{"taxonomy":"category","embeddable":true,"href":"https:\/\/www.fuldaernachrichten.de\/index.php?rest_route=%2Fwp%2Fv2%2Fcategories&post=8209"},{"taxonomy":"post_tag","embeddable":true,"href":"https:\/\/www.fuldaernachrichten.de\/index.php?rest_route=%2Fwp%2Fv2%2Ftags&post=8209"}],"curies":[{"name":"wp","href":"https:\/\/api.w.org\/{rel}","templated":true}]}}