{"id":81855,"date":"2011-01-31T10:15:56","date_gmt":"2011-01-31T10:15:56","guid":{"rendered":"http:\/\/www.fuldaer-nachrichten.de\/?p=81855"},"modified":"2011-01-31T10:15:56","modified_gmt":"2011-01-31T10:15:56","slug":"good-food-bad-food-jetzt-zwei-wochen-im-loehertor-kino","status":"publish","type":"post","link":"https:\/\/www.fuldaernachrichten.de\/?p=81855","title":{"rendered":"Good Food Bad Food \u2013 jetzt zwei Wochen im L\u00f6hertor-Kino"},"content":{"rendered":"<p><strong><a href=\"http:\/\/www.fuldaer-nachrichten.de\/wp-content\/uploads\/2011\/01\/110131_Plakat.jpg\"><img fetchpriority=\"high\" decoding=\"async\" class=\"alignleft size-thumbnail wp-image-81856\" title=\"GFO.PL_RZ.indd\" src=\"http:\/\/www.fuldaer-nachrichten.de\/wp-content\/uploads\/2011\/01\/110131_Plakat-265x375.jpg\" alt=\"\" width=\"265\" height=\"375\" srcset=\"https:\/\/www.fuldaernachrichten.de\/wp-content\/uploads\/2011\/01\/110131_Plakat-265x375.jpg 265w, https:\/\/www.fuldaernachrichten.de\/wp-content\/uploads\/2011\/01\/110131_Plakat.jpg 399w\" sizes=\"(max-width: 265px) 100vw, 265px\" \/><\/a>Fulda. <\/strong>Zusammen mit dem Kino Cinestar hat Thomas Gutberlet, Vorstandsvorsitzender tegut\u00e2\u20ac\u00a6, den brandaktuellen Dokumentarfilm von Coline Serreau nach Fulda ins L\u00f6hertorkino geholt. \u201eDer Film zeigt Aspekte der Landwirtschaft, die man sonst nicht wahrnimmt. Ich denke, dass es hier viele Menschen gibt, die sich daf\u00fcr interessieren. Daher war es mir wichtig, den Film nach Fulda zu holen\u201c, so Thomas Gutberlet. Coline Serreau l\u00e4dt in ihrem Film \u201eGOOD FOOD BAD FOOD \u2013 Anleitung f\u00fcr eine bessere Landwirtschaft\u201c dazu ein, neue Formen der Agrarproduktion zu entdecken: Anbaumethoden, die funktionieren, zur Behebung bereits entstandener Sch\u00e4den beitragen und nicht zuletzt zu deutlichen Verbesserungen im Bereich der Gesundheit und der gesamten Lebensumst\u00e4nde f\u00fchren.<!--more--><\/p>\n<p>Die vielfach ausgezeichnete und bekannte franz\u00f6sische Filmemacherin Coline Serreau (\u201eSaint Jacques &#8230; Pilgern auf Franz\u00f6sisch\u201c, \u201eDrei M\u00e4nner und ein Baby\u201c) bereiste f\u00fcr ihren neuen Dokumentarfilm die Welt auf der Suche nach Menschen, die den Erdboden, und damit die ganze Natur, respektvoll behandeln. In eindrucksvollen Bildern schildert sie konkrete Ans\u00e4tze zur Verbesserung der katastrophalen Situation, in die die Landwirtschaft weltweit gedr\u00e4ngt worden ist. Der Film l\u00e4uft vom 3. bis 15. Februar 2011 au\u00dfer montags und mittwochs zweimal am Tag um 17 Uhr und 19.45 Uhr im L\u00f6hertor-Kino, Gerbergasse 9 in 36037 Fulda.<\/p>\n","protected":false},"excerpt":{"rendered":"<div class=\"tmnf_excerpt\"><p>Fulda. Zusammen mit dem Kino Cinestar hat Thomas Gutberlet, Vorstandsvorsitzender tegut\u00e2\u20ac\u00a6, den brandaktuellen Dokumentarfilm von Coline Serreau nach Fulda ins L\u00f6hertorkino geholt. \u201eDer Film zeigt Aspekte der Landwirtschaft, die man sonst nicht wahrnimmt. Ich denke, dass es hier viele Menschen gibt, die sich daf\u00fcr interessieren. Daher war es mir wichtig, den Film nach Fulda zu &hellip;<\/p>\n<\/div>","protected":false},"author":1,"featured_media":0,"comment_status":"closed","ping_status":"closed","sticky":false,"template":"","format":"standard","meta":{"footnotes":""},"categories":[1],"tags":[],"class_list":["post-81855","post","type-post","status-publish","format-standard","hentry","category-startseite"],"_links":{"self":[{"href":"https:\/\/www.fuldaernachrichten.de\/index.php?rest_route=\/wp\/v2\/posts\/81855","targetHints":{"allow":["GET"]}}],"collection":[{"href":"https:\/\/www.fuldaernachrichten.de\/index.php?rest_route=\/wp\/v2\/posts"}],"about":[{"href":"https:\/\/www.fuldaernachrichten.de\/index.php?rest_route=\/wp\/v2\/types\/post"}],"author":[{"embeddable":true,"href":"https:\/\/www.fuldaernachrichten.de\/index.php?rest_route=\/wp\/v2\/users\/1"}],"replies":[{"embeddable":true,"href":"https:\/\/www.fuldaernachrichten.de\/index.php?rest_route=%2Fwp%2Fv2%2Fcomments&post=81855"}],"version-history":[{"count":2,"href":"https:\/\/www.fuldaernachrichten.de\/index.php?rest_route=\/wp\/v2\/posts\/81855\/revisions"}],"predecessor-version":[{"id":81928,"href":"https:\/\/www.fuldaernachrichten.de\/index.php?rest_route=\/wp\/v2\/posts\/81855\/revisions\/81928"}],"wp:attachment":[{"href":"https:\/\/www.fuldaernachrichten.de\/index.php?rest_route=%2Fwp%2Fv2%2Fmedia&parent=81855"}],"wp:term":[{"taxonomy":"category","embeddable":true,"href":"https:\/\/www.fuldaernachrichten.de\/index.php?rest_route=%2Fwp%2Fv2%2Fcategories&post=81855"},{"taxonomy":"post_tag","embeddable":true,"href":"https:\/\/www.fuldaernachrichten.de\/index.php?rest_route=%2Fwp%2Fv2%2Ftags&post=81855"}],"curies":[{"name":"wp","href":"https:\/\/api.w.org\/{rel}","templated":true}]}}