{"id":81851,"date":"2011-01-31T01:16:31","date_gmt":"2011-01-31T01:16:31","guid":{"rendered":"http:\/\/www.fuldaer-nachrichten.de\/?p=81851"},"modified":"2011-01-31T10:16:46","modified_gmt":"2011-01-31T10:16:46","slug":"landkreis-fulda-informiert-ueber-ausbildungswege-in-der-kreisverwaltung","status":"publish","type":"post","link":"https:\/\/www.fuldaernachrichten.de\/?p=81851","title":{"rendered":"Landkreis Fulda informiert \u00fcber Ausbildungswege in der Kreisverwaltung"},"content":{"rendered":"<p><strong>Fulda. <\/strong>In der Zeit vom 7. bis 19. Februar findet in der Wirtschaftsregion Osthessen die Aktionswoche Ausbildung statt. Die Aktionswoche soll direkte Kontakte zwischen Betrieben und Institutionen sowie Sch\u00fclerinnen und Sch\u00fclern herstellen. Ihnen wird die M\u00f6glichkeit geboten, Berufe aus \u201eerster Hand\u201c kennen zu lernen und sich umfassend \u00fcber alle Themen rund um die Ausbildung zu informieren. Das Informationsangebot richtet sich aber auch an Eltern sowie Lehrerinnen und Lehrer, die die Berufswahl der Jugendlichen wesentlich mit beeinflussen.<!--more--><\/p>\n<p>Auch der Landkreis Fulda beteiligt sich mit zwei Veranstaltungen an der Aktionswoche Ausbildung. Am 7. Februar und am 14. Februar werden in den Sitzungsr\u00e4umen 1 und 2 des Kreishauses, W\u00f6rthstr. 15, in einer Pr\u00e4sentation die Aufgaben der Kreisverwaltung vorgestellt. Anschlie\u00dfend wird \u00fcber Aus- und Fortbildungsm\u00f6glichkeiten beim Landkreis Fulda informiert. Weiterhin k\u00f6nnen sich Interessierte an einem Wissensquiz beteiligen. Bei einem anschlie\u00dfenden Rundgang lernen die Teilnehmer die Betriebsabl\u00e4ufe verschiedener Fachdienste kennen. Die Veranstaltung beginnt jeweils um 11.00 Uhr und endet um 13.00 Uhr. Interessenten wenden sich an die Ausbildungsbeauftragte Maria Post, Tel. 0661\/6006-456, oder per mail an <a href=\"mailto:ausbildung@landkreis-fulda.de\">ausbildung@landkreis-fulda.de<\/a>.<\/p>\n","protected":false},"excerpt":{"rendered":"<div class=\"tmnf_excerpt\"><p>Fulda. In der Zeit vom 7. bis 19. Februar findet in der Wirtschaftsregion Osthessen die Aktionswoche Ausbildung statt. Die Aktionswoche soll direkte Kontakte zwischen Betrieben und Institutionen sowie Sch\u00fclerinnen und Sch\u00fclern herstellen. Ihnen wird die M\u00f6glichkeit geboten, Berufe aus \u201eerster Hand\u201c kennen zu lernen und sich umfassend \u00fcber alle Themen rund um die Ausbildung zu &hellip;<\/p>\n<\/div>","protected":false},"author":1,"featured_media":0,"comment_status":"closed","ping_status":"closed","sticky":false,"template":"","format":"standard","meta":{"footnotes":""},"categories":[1],"tags":[],"class_list":["post-81851","post","type-post","status-publish","format-standard","hentry","category-startseite"],"_links":{"self":[{"href":"https:\/\/www.fuldaernachrichten.de\/index.php?rest_route=\/wp\/v2\/posts\/81851","targetHints":{"allow":["GET"]}}],"collection":[{"href":"https:\/\/www.fuldaernachrichten.de\/index.php?rest_route=\/wp\/v2\/posts"}],"about":[{"href":"https:\/\/www.fuldaernachrichten.de\/index.php?rest_route=\/wp\/v2\/types\/post"}],"author":[{"embeddable":true,"href":"https:\/\/www.fuldaernachrichten.de\/index.php?rest_route=\/wp\/v2\/users\/1"}],"replies":[{"embeddable":true,"href":"https:\/\/www.fuldaernachrichten.de\/index.php?rest_route=%2Fwp%2Fv2%2Fcomments&post=81851"}],"version-history":[{"count":2,"href":"https:\/\/www.fuldaernachrichten.de\/index.php?rest_route=\/wp\/v2\/posts\/81851\/revisions"}],"predecessor-version":[{"id":81930,"href":"https:\/\/www.fuldaernachrichten.de\/index.php?rest_route=\/wp\/v2\/posts\/81851\/revisions\/81930"}],"wp:attachment":[{"href":"https:\/\/www.fuldaernachrichten.de\/index.php?rest_route=%2Fwp%2Fv2%2Fmedia&parent=81851"}],"wp:term":[{"taxonomy":"category","embeddable":true,"href":"https:\/\/www.fuldaernachrichten.de\/index.php?rest_route=%2Fwp%2Fv2%2Fcategories&post=81851"},{"taxonomy":"post_tag","embeddable":true,"href":"https:\/\/www.fuldaernachrichten.de\/index.php?rest_route=%2Fwp%2Fv2%2Ftags&post=81851"}],"curies":[{"name":"wp","href":"https:\/\/api.w.org\/{rel}","templated":true}]}}