{"id":81842,"date":"2011-01-31T02:17:04","date_gmt":"2011-01-31T02:17:04","guid":{"rendered":"http:\/\/www.fuldaer-nachrichten.de\/?p=81842"},"modified":"2011-01-31T10:18:12","modified_gmt":"2011-01-31T10:18:12","slug":"viel-kuenstlerisches-talent-schuelerinnen-und-schueler-stellen-im-landratsamt-aus","status":"publish","type":"post","link":"https:\/\/www.fuldaernachrichten.de\/?p=81842","title":{"rendered":"Viel k\u00fcnstlerisches Talent &#8211; Sch\u00fclerinnen und Sch\u00fcler stellen im Landratsamt aus"},"content":{"rendered":"<p><strong><a href=\"http:\/\/www.fuldaer-nachrichten.de\/wp-content\/uploads\/2011\/01\/110131_Kunst.jpg\"><img fetchpriority=\"high\" decoding=\"async\" class=\"alignleft size-thumbnail wp-image-81844\" title=\"110131_Kunst\" src=\"http:\/\/www.fuldaer-nachrichten.de\/wp-content\/uploads\/2011\/01\/110131_Kunst-265x193.jpg\" alt=\"\" width=\"265\" height=\"193\" srcset=\"https:\/\/www.fuldaernachrichten.de\/wp-content\/uploads\/2011\/01\/110131_Kunst-265x193.jpg 265w, https:\/\/www.fuldaernachrichten.de\/wp-content\/uploads\/2011\/01\/110131_Kunst.jpg 592w\" sizes=\"(max-width: 265px) 100vw, 265px\" \/><\/a>Fulda. <\/strong>Mit expressionistischer Malerei haben sich \u00fcber mehrere Wochen Sch\u00fclerinnen und Sch\u00fcler der Wernher-von-Braun-Schule Neuhof im Kunstunterricht auseinandergesetzt. Ihre Aufgabe bestand darin, beliebige Rh\u00f6nlandschaften als Vorlagen auszuw\u00e4hlen und k\u00fcnstlerisch mit ihrer pers\u00f6nlichen Geschichte zum Ausdruck zu bringen. Mit einem Zitat der K\u00fcnstlerin Gabriele M\u00fcnter (1877-1962) \u201eWer aufmerksam meine Gem\u00e4lde betrachtet, findet in ihnen den Zeichner\u201c er\u00f6ffnete der Erste Kreisbeigeordnete, Dr. Heiko Wingenfeld, die Ausstellung der jungen K\u00fcnstler im Foyer des Landratsamtes in Fulda. Dr. Wingenfeld, der Expressionismus als eine spannende Sache auf der Suche nach sich selbst in der eigenen inneren Landschaft betrachtet, freut sich \u00fcber die farbenfrohe Bereicherung des Eingangsbereichs der Kreisverwaltung.<!--more--><\/p>\n<p>Von der Idee der Ausstellung war auch Schulleiter Markus Bente fasziniert, der es f\u00fcr wichtig h\u00e4lt, k\u00fcnstlerische Talente nicht schlummern zu lassen. Bente bedankte sich bei den Lehrerinnen Diana Gr\u00fcnkorn und Stefanie Radics f\u00fcr die k\u00fcnstlerischen Impulse und die viele Zeit, die investiert werden musste. Dass selbst Kunstmuffel beim Malen ihren Spa\u00df hatten, erz\u00e4hlte die Sch\u00fclerin Sina Weitzel, die zusammen mit Hannah Hasenauer das Projekt in einem kleinen Vortrag Revue passieren lie\u00df.<\/p>\n<p>Musikalisch umrahmt wurde die Ausstellungser\u00f6ffnung vom Schulorchester der Wernher-von-Braun-Schule Neuhof unter Leitung von Christof M\u00f6ller. Die Ausstellung ist noch bis zum 16. Februar 2011 im Landratsamt in Fulda, W\u00f6rthstra\u00dfe 15, w\u00e4hrend der normalen \u00d6ffnungszeiten (Montag bis Freitag 7.30 bis 16.30 Uhr) zu sehen. Es besteht die M\u00f6glichkeit, Postkarten mit Motiven der Ausstellung k\u00e4uflich zu erwerben. Der Erl\u00f6s kommt dem F\u00f6rderverein der Wernher-von-Braun-Schule zu Gute.<\/p>\n","protected":false},"excerpt":{"rendered":"<div class=\"tmnf_excerpt\"><p>Fulda. Mit expressionistischer Malerei haben sich \u00fcber mehrere Wochen Sch\u00fclerinnen und Sch\u00fcler der Wernher-von-Braun-Schule Neuhof im Kunstunterricht auseinandergesetzt. Ihre Aufgabe bestand darin, beliebige Rh\u00f6nlandschaften als Vorlagen auszuw\u00e4hlen und k\u00fcnstlerisch mit ihrer pers\u00f6nlichen Geschichte zum Ausdruck zu bringen. Mit einem Zitat der K\u00fcnstlerin Gabriele M\u00fcnter (1877-1962) \u201eWer aufmerksam meine Gem\u00e4lde betrachtet, findet in ihnen den Zeichner\u201c &hellip;<\/p>\n<\/div>","protected":false},"author":1,"featured_media":0,"comment_status":"closed","ping_status":"closed","sticky":false,"template":"","format":"standard","meta":{"footnotes":""},"categories":[1],"tags":[],"class_list":["post-81842","post","type-post","status-publish","format-standard","hentry","category-startseite"],"_links":{"self":[{"href":"https:\/\/www.fuldaernachrichten.de\/index.php?rest_route=\/wp\/v2\/posts\/81842","targetHints":{"allow":["GET"]}}],"collection":[{"href":"https:\/\/www.fuldaernachrichten.de\/index.php?rest_route=\/wp\/v2\/posts"}],"about":[{"href":"https:\/\/www.fuldaernachrichten.de\/index.php?rest_route=\/wp\/v2\/types\/post"}],"author":[{"embeddable":true,"href":"https:\/\/www.fuldaernachrichten.de\/index.php?rest_route=\/wp\/v2\/users\/1"}],"replies":[{"embeddable":true,"href":"https:\/\/www.fuldaernachrichten.de\/index.php?rest_route=%2Fwp%2Fv2%2Fcomments&post=81842"}],"version-history":[{"count":2,"href":"https:\/\/www.fuldaernachrichten.de\/index.php?rest_route=\/wp\/v2\/posts\/81842\/revisions"}],"predecessor-version":[{"id":81931,"href":"https:\/\/www.fuldaernachrichten.de\/index.php?rest_route=\/wp\/v2\/posts\/81842\/revisions\/81931"}],"wp:attachment":[{"href":"https:\/\/www.fuldaernachrichten.de\/index.php?rest_route=%2Fwp%2Fv2%2Fmedia&parent=81842"}],"wp:term":[{"taxonomy":"category","embeddable":true,"href":"https:\/\/www.fuldaernachrichten.de\/index.php?rest_route=%2Fwp%2Fv2%2Fcategories&post=81842"},{"taxonomy":"post_tag","embeddable":true,"href":"https:\/\/www.fuldaernachrichten.de\/index.php?rest_route=%2Fwp%2Fv2%2Ftags&post=81842"}],"curies":[{"name":"wp","href":"https:\/\/api.w.org\/{rel}","templated":true}]}}