{"id":81713,"date":"2011-01-31T01:00:23","date_gmt":"2011-01-31T01:00:23","guid":{"rendered":"http:\/\/www.fuldaer-nachrichten.de\/?p=81713"},"modified":"2011-01-31T07:56:00","modified_gmt":"2011-01-31T07:56:00","slug":"leben-und-arbeiten-in-der-eu-studierende-aus-fulda-und-der-bretagne-trafen-sich-im-saarland","status":"publish","type":"post","link":"https:\/\/www.fuldaernachrichten.de\/?p=81713","title":{"rendered":"Leben und Arbeiten in der EU &#8211; Studierende aus Fulda und der Bretagne trafen sich im Saarland"},"content":{"rendered":"<p><strong><a href=\"http:\/\/www.fuldaer-nachrichten.de\/wp-content\/uploads\/2011\/01\/110128_EAO.jpg\"><img decoding=\"async\" class=\"alignleft size-thumbnail wp-image-81714\" title=\"110128_EAO\" src=\"http:\/\/www.fuldaer-nachrichten.de\/wp-content\/uploads\/2011\/01\/110128_EAO-265x153.jpg\" alt=\"\" width=\"265\" height=\"153\" srcset=\"https:\/\/www.fuldaernachrichten.de\/wp-content\/uploads\/2011\/01\/110128_EAO-265x153.jpg 265w, https:\/\/www.fuldaernachrichten.de\/wp-content\/uploads\/2011\/01\/110128_EAO.jpg 592w\" sizes=\"(max-width: 265px) 100vw, 265px\" \/><\/a>Fulda. <\/strong>Bereits zum zweiten Mal trafen sich in der vergangenen Woche Studierende der Hotelfachschule der Eduard-Stieler-Schule mit ihren franz\u00f6sischen Kollegen des Lyc\u00e9e Hotelier Dinard aus der Bretagne in Nordfrankreich an der Europ\u00e4ischen Akademie in Otzenhausen im Saarland. Die beiden Gruppen erarbeiteten eine Woche lang in binationalen Kleingruppen Gemeinsamkeiten und Unterschiede in Deutschland und Frankreich rund um das Thema \u201eLeben und Arbeiten in der Europ\u00e4ischen Union \u2013 Chancen und H\u00fcrden f\u00fcr junge Europ\u00e4erInnen\u201c.<!--more--><\/p>\n<p>Erg\u00e4nzt wurde das Seminar durch einen Vortrag von Berufsberatern von EURES \u00fcber Bewerbungsm\u00f6glichkeiten in Frankreich, Deutschland und dem europ\u00e4ischen Ausland sowie einem Vortrag von Dr. Christoph Vatter von der Universit\u00e4t des Saarlandes, Saarbr\u00fccken zum\u00c2\u00a0 Thema \u201eInterkulturelle Informationen: Wie kann man sich durch Interkulturelles Lernen in multinationalen Unternehmen besser integrieren?\u201c<\/p>\n<p>H\u00f6hepunkt des einw\u00f6chigen Seminars war eine Exkursion nach Luxemburg und Trier. Zun\u00e4chst besuchte die deutsch\u2013franz\u00f6sische Gruppe das Grenzmuseum in Schengen. Hier wurden 1985 die Grundlagen f\u00fcr den Europ\u00e4ischen Binnenmarkt geschaffen mit der Unterzeichnung des Schengener Abkommens zum Abbau der Grenzkontrollen innerhalb der Grenzen der Unterzeichnerstaaten.<\/p>\n<p>Anschlie\u00dfend fuhren die Seminarteilnehmer nach Luxemburg (Stadt) und Trier, um dort eine Umfrage in der Bev\u00f6lkerung durchzuf\u00fchren. Vor allem in der Grenzregion Frankreich-Deutschland-Luxemburg werden die M\u00f6glichkeiten durch den freien Personenverkehr des Europ\u00e4ischen Binnenmarktes deutlich.<\/p>\n<p>Die Umfrage wurde gemeinsam von den deutschen und franz\u00f6sischen Studierenden in binationalen Kleingruppen erarbeitet. Hier griffen die Studierenden vor allem Themen aus den Bereichen Europ\u00e4ischer Arbeitsmarkt, Notwendigkeit von Sprachkenntnissen in der heutigen Berufs- und Arbeitswelt, Gleichberechtigung von M\u00e4nnern und Frauen innerhalb der EU und Mobilit\u00e4t innerhalb der EU auf.<\/p>\n<p>Die Studierenden werteten die Umfrage aus und interpretierten die Ergebnisse vor dem Hintergrund der unterschiedlichen Nationalit\u00e4ten in Luxemburg und Trier. Nach einer durchweg positiven Auswertung des gesamten Seminars durch die deutsch-franz\u00f6sischen Teilnehmer verbrachten diese noch einen gemeinsamen multikulturellen Abend innerhalb der Akademie bevor sie am Samstag die Heimreise nach Dinard und Fulda antraten.<\/p>\n","protected":false},"excerpt":{"rendered":"<div class=\"tmnf_excerpt\"><p>Fulda. Bereits zum zweiten Mal trafen sich in der vergangenen Woche Studierende der Hotelfachschule der Eduard-Stieler-Schule mit ihren franz\u00f6sischen Kollegen des Lyc\u00e9e Hotelier Dinard aus der Bretagne in Nordfrankreich an der Europ\u00e4ischen Akademie in Otzenhausen im Saarland. Die beiden Gruppen erarbeiteten eine Woche lang in binationalen Kleingruppen Gemeinsamkeiten und Unterschiede in Deutschland und Frankreich rund &hellip;<\/p>\n<\/div>","protected":false},"author":1,"featured_media":0,"comment_status":"closed","ping_status":"closed","sticky":false,"template":"","format":"standard","meta":{"footnotes":""},"categories":[1],"tags":[],"class_list":["post-81713","post","type-post","status-publish","format-standard","hentry","category-startseite"],"_links":{"self":[{"href":"https:\/\/www.fuldaernachrichten.de\/index.php?rest_route=\/wp\/v2\/posts\/81713","targetHints":{"allow":["GET"]}}],"collection":[{"href":"https:\/\/www.fuldaernachrichten.de\/index.php?rest_route=\/wp\/v2\/posts"}],"about":[{"href":"https:\/\/www.fuldaernachrichten.de\/index.php?rest_route=\/wp\/v2\/types\/post"}],"author":[{"embeddable":true,"href":"https:\/\/www.fuldaernachrichten.de\/index.php?rest_route=\/wp\/v2\/users\/1"}],"replies":[{"embeddable":true,"href":"https:\/\/www.fuldaernachrichten.de\/index.php?rest_route=%2Fwp%2Fv2%2Fcomments&post=81713"}],"version-history":[{"count":2,"href":"https:\/\/www.fuldaernachrichten.de\/index.php?rest_route=\/wp\/v2\/posts\/81713\/revisions"}],"predecessor-version":[{"id":81832,"href":"https:\/\/www.fuldaernachrichten.de\/index.php?rest_route=\/wp\/v2\/posts\/81713\/revisions\/81832"}],"wp:attachment":[{"href":"https:\/\/www.fuldaernachrichten.de\/index.php?rest_route=%2Fwp%2Fv2%2Fmedia&parent=81713"}],"wp:term":[{"taxonomy":"category","embeddable":true,"href":"https:\/\/www.fuldaernachrichten.de\/index.php?rest_route=%2Fwp%2Fv2%2Fcategories&post=81713"},{"taxonomy":"post_tag","embeddable":true,"href":"https:\/\/www.fuldaernachrichten.de\/index.php?rest_route=%2Fwp%2Fv2%2Ftags&post=81713"}],"curies":[{"name":"wp","href":"https:\/\/api.w.org\/{rel}","templated":true}]}}