{"id":81666,"date":"2011-01-28T00:45:56","date_gmt":"2011-01-28T00:45:56","guid":{"rendered":"http:\/\/www.fuldaer-nachrichten.de\/?p=81666"},"modified":"2011-01-27T13:44:19","modified_gmt":"2011-01-27T13:44:19","slug":"blick-hinter-die-kulissen-pflegestift-mediana","status":"publish","type":"post","link":"https:\/\/www.fuldaernachrichten.de\/?p=81666","title":{"rendered":"Blick hinter die Kulissen &#8211; Pflegestift Mediana"},"content":{"rendered":"<p><strong>Fulda.<\/strong> Am Dienstag, 8. Februar, bietet die Volkshochschule der Stadt Fulda im Rahmen der Reihe \u201eBlick hinter die Kulissen\u201c eine kostenlose Besichtigung des Pflegestifts Mediana an. Die Teilnehmer treffen sich um 14.00 Uhr am Eingang in der Rangstra\u00dfe. Das Pflegestift Mediana bietet Pflege ausschlie\u00dflich auf dem Konzept der station\u00e4ren Hausgemein\u00c2\u00adschaften an. Das Pflege-, Betreuungs- und Begleitungskonzept orientiert sich an den Ressourcen und Kompetenzen der \u00e4lteren Menschen und eignet sich deswegen besonders auch f\u00fcr die Begleitung von Menschen mit Demenz.<!--more--><\/p>\n<p>Bei einem Rundgang lernen Sie die unterschiedlichen Hausgemein\u00c2\u00adschaften kennen und anschlie\u00dfend steht der Heimleiter f\u00fcr die Beant\u00c2\u00adwortung von Fragen zur Verf\u00fcgung. Zur Planung ist eine vorherige Anmeldung in der Gesch\u00e4ftsstelle der Volkshochschule, Unterm Heilig Kreuz, oder unter Telefon 102-1477 er\u00c2\u00adforderlich.<\/p>\n","protected":false},"excerpt":{"rendered":"<div class=\"tmnf_excerpt\"><p>Fulda. Am Dienstag, 8. Februar, bietet die Volkshochschule der Stadt Fulda im Rahmen der Reihe \u201eBlick hinter die Kulissen\u201c eine kostenlose Besichtigung des Pflegestifts Mediana an. Die Teilnehmer treffen sich um 14.00 Uhr am Eingang in der Rangstra\u00dfe. Das Pflegestift Mediana bietet Pflege ausschlie\u00dflich auf dem Konzept der station\u00e4ren Hausgemein\u00c2\u00adschaften an. Das Pflege-, Betreuungs- und &hellip;<\/p>\n<\/div>","protected":false},"author":1,"featured_media":0,"comment_status":"closed","ping_status":"closed","sticky":false,"template":"","format":"standard","meta":{"footnotes":""},"categories":[1],"tags":[],"class_list":["post-81666","post","type-post","status-publish","format-standard","hentry","category-startseite"],"_links":{"self":[{"href":"https:\/\/www.fuldaernachrichten.de\/index.php?rest_route=\/wp\/v2\/posts\/81666","targetHints":{"allow":["GET"]}}],"collection":[{"href":"https:\/\/www.fuldaernachrichten.de\/index.php?rest_route=\/wp\/v2\/posts"}],"about":[{"href":"https:\/\/www.fuldaernachrichten.de\/index.php?rest_route=\/wp\/v2\/types\/post"}],"author":[{"embeddable":true,"href":"https:\/\/www.fuldaernachrichten.de\/index.php?rest_route=\/wp\/v2\/users\/1"}],"replies":[{"embeddable":true,"href":"https:\/\/www.fuldaernachrichten.de\/index.php?rest_route=%2Fwp%2Fv2%2Fcomments&post=81666"}],"version-history":[{"count":3,"href":"https:\/\/www.fuldaernachrichten.de\/index.php?rest_route=\/wp\/v2\/posts\/81666\/revisions"}],"predecessor-version":[{"id":81691,"href":"https:\/\/www.fuldaernachrichten.de\/index.php?rest_route=\/wp\/v2\/posts\/81666\/revisions\/81691"}],"wp:attachment":[{"href":"https:\/\/www.fuldaernachrichten.de\/index.php?rest_route=%2Fwp%2Fv2%2Fmedia&parent=81666"}],"wp:term":[{"taxonomy":"category","embeddable":true,"href":"https:\/\/www.fuldaernachrichten.de\/index.php?rest_route=%2Fwp%2Fv2%2Fcategories&post=81666"},{"taxonomy":"post_tag","embeddable":true,"href":"https:\/\/www.fuldaernachrichten.de\/index.php?rest_route=%2Fwp%2Fv2%2Ftags&post=81666"}],"curies":[{"name":"wp","href":"https:\/\/api.w.org\/{rel}","templated":true}]}}