{"id":81631,"date":"2011-01-28T00:12:27","date_gmt":"2011-01-28T00:12:27","guid":{"rendered":"http:\/\/www.fuldaer-nachrichten.de\/?p=81631"},"modified":"2011-01-27T13:46:26","modified_gmt":"2011-01-27T13:46:26","slug":"neues-eu-gesetz-klarere-regeln-fur-medizinische-behandlung-im-ausland","status":"publish","type":"post","link":"https:\/\/www.fuldaernachrichten.de\/?p=81631","title":{"rendered":"Neues EU-Gesetz: Klarere Regeln fu\u00cc\u02c6r medizinische Behandlung im Ausland"},"content":{"rendered":"<p><strong><a href=\"http:\/\/www.fuldaer-nachrichten.de\/wp-content\/uploads\/2011\/01\/110127_EU.jpg\"><img decoding=\"async\" class=\"alignleft size-thumbnail wp-image-81632\" title=\"110127_EU\" src=\"http:\/\/www.fuldaer-nachrichten.de\/wp-content\/uploads\/2011\/01\/110127_EU-265x155.jpg\" alt=\"\" width=\"265\" height=\"155\" srcset=\"https:\/\/www.fuldaernachrichten.de\/wp-content\/uploads\/2011\/01\/110127_EU-265x155.jpg 265w, https:\/\/www.fuldaernachrichten.de\/wp-content\/uploads\/2011\/01\/110127_EU.jpg 592w\" sizes=\"(max-width: 265px) 100vw, 265px\" \/><\/a>Europa. <\/strong>Die EU-Abgeordneten haben ein neues Gesetz angenommen, in dem die Rechte von Patienten, die sich im Ausland medizinisch behandeln lassen m\u00f6chten, gekl\u00e4rt werden. Hierbei geht es unter anderem um die Regeln f\u00fcr die Kostenerstattung von Behandlungen im Ausland. Besonderes Augenmerk wurde auf die F\u00e4lle gelegt, bei denen eine vorherige Genehmigung notwendig ist. Die Abgeordneten haben den Bericht mit einer gro\u00dfen Mehrheit angenommen. Die Parlamentarier erkl\u00e4rten: &#8220;Patienten werden in Zukunft nicht mehr allein gelassen werden, wenn sie sich im Ausland medizinisch behandeln lassen wollen und entsprechende Kosten zur\u00fcckerstattet bekommen wollen. <!--more--><\/p>\n<p>Die Richtlinie wird die Rechte der Patienten kl\u00e4ren, die bisher sehr vage waren.&#8221; Die neuen Regeln kl\u00e4ren, dass ein EU-B\u00fcrger die Kosten einer Behandlung im Ausland erstattet bekommt, sofern die betreffende Gesundheitsdienstleistung zu den Leistungen geh\u00f6rt, auf die er im Heimatland Anspruch hat. Die zust\u00e4ndigen Stellen k\u00f6nnen jedoch fordern, dass der Patient f\u00fcr gewisse Behandlungen, die eine \u00dcbernachtung im Krankenhaus erfordern oder hoch spezialisiert und kostenintensiv sind, eine Vorabgenehmigung einholen muss. Die Europaabgeordneten haben jedoch erreicht, dass diese Vorabgenehmigung nur aufgrund einiger Gr\u00fcnde abgelehnt werden kann, beispielsweise aufgrund eines Risikos f\u00fcr den Patienten oder der Allgemeinheit.<\/p>\n<p>Jeder Mitgliedstaat muss eine oder mehrere nationale Kontaktstellen einrichten. Diese sollen den Patienten, die eine Behandlung im Ausland planen, Informationen zur Verf\u00fcgung stellen oder bei auftretenden Problemen helfen. Insbesondere Patienten, die auf langen Wartelisten stehen oder die im eigenen Land keinen entsprechenden Spezialisten finden, k\u00f6nnen von einer Behandlung im Ausland profitieren. Die Abgeordneten haben die Bestimmungen der Zusammenarbeit bei seltenen Krankheiten verst\u00e4rkt, da das Problembewusstsein hier noch relativ gering ist und es oft nur wenige Spezialisten gibt. Hintergrund Grunds\u00e4tzlich lassen sich die meisten Patienten in der N\u00e4he ihres Wohnorts behandeln. Momentan geben die Mitgliedstaaten ungef\u00e4hr 1 % ihres Gesundheitsbudgets f\u00fcr Behandlungen im Ausland aus.<\/p>\n","protected":false},"excerpt":{"rendered":"<div class=\"tmnf_excerpt\"><p>Europa. Die EU-Abgeordneten haben ein neues Gesetz angenommen, in dem die Rechte von Patienten, die sich im Ausland medizinisch behandeln lassen m\u00f6chten, gekl\u00e4rt werden. Hierbei geht es unter anderem um die Regeln f\u00fcr die Kostenerstattung von Behandlungen im Ausland. Besonderes Augenmerk wurde auf die F\u00e4lle gelegt, bei denen eine vorherige Genehmigung notwendig ist. Die Abgeordneten &hellip;<\/p>\n<\/div>","protected":false},"author":1,"featured_media":0,"comment_status":"closed","ping_status":"closed","sticky":false,"template":"","format":"standard","meta":{"footnotes":""},"categories":[1,29],"tags":[],"class_list":["post-81631","post","type-post","status-publish","format-standard","hentry","category-startseite","category-politik"],"_links":{"self":[{"href":"https:\/\/www.fuldaernachrichten.de\/index.php?rest_route=\/wp\/v2\/posts\/81631","targetHints":{"allow":["GET"]}}],"collection":[{"href":"https:\/\/www.fuldaernachrichten.de\/index.php?rest_route=\/wp\/v2\/posts"}],"about":[{"href":"https:\/\/www.fuldaernachrichten.de\/index.php?rest_route=\/wp\/v2\/types\/post"}],"author":[{"embeddable":true,"href":"https:\/\/www.fuldaernachrichten.de\/index.php?rest_route=\/wp\/v2\/users\/1"}],"replies":[{"embeddable":true,"href":"https:\/\/www.fuldaernachrichten.de\/index.php?rest_route=%2Fwp%2Fv2%2Fcomments&post=81631"}],"version-history":[{"count":2,"href":"https:\/\/www.fuldaernachrichten.de\/index.php?rest_route=\/wp\/v2\/posts\/81631\/revisions"}],"predecessor-version":[{"id":81693,"href":"https:\/\/www.fuldaernachrichten.de\/index.php?rest_route=\/wp\/v2\/posts\/81631\/revisions\/81693"}],"wp:attachment":[{"href":"https:\/\/www.fuldaernachrichten.de\/index.php?rest_route=%2Fwp%2Fv2%2Fmedia&parent=81631"}],"wp:term":[{"taxonomy":"category","embeddable":true,"href":"https:\/\/www.fuldaernachrichten.de\/index.php?rest_route=%2Fwp%2Fv2%2Fcategories&post=81631"},{"taxonomy":"post_tag","embeddable":true,"href":"https:\/\/www.fuldaernachrichten.de\/index.php?rest_route=%2Fwp%2Fv2%2Ftags&post=81631"}],"curies":[{"name":"wp","href":"https:\/\/api.w.org\/{rel}","templated":true}]}}