{"id":81625,"date":"2011-01-31T01:56:29","date_gmt":"2011-01-31T01:56:29","guid":{"rendered":"http:\/\/www.fuldaer-nachrichten.de\/?p=81625"},"modified":"2011-01-31T07:58:03","modified_gmt":"2011-01-31T07:58:03","slug":"freiwillige-helfer-des-caritas-weihnachtsmarktstandes-zogen-bilanz-guter-verkauf-fuer-eine-gute-sache","status":"publish","type":"post","link":"https:\/\/www.fuldaernachrichten.de\/?p=81625","title":{"rendered":"Freiwillige Helfer des Caritas-Weihnachtsmarktstandes zogen Bilanz: Guter Verkauf f\u00fcr eine gute Sache"},"content":{"rendered":"<p><strong><a href=\"http:\/\/www.fuldaer-nachrichten.de\/wp-content\/uploads\/2011\/01\/110127_DippelWingenfeld.jpg\"><img decoding=\"async\" class=\"alignleft size-thumbnail wp-image-81626\" title=\"110127_DippelWingenfeld\" src=\"http:\/\/www.fuldaer-nachrichten.de\/wp-content\/uploads\/2011\/01\/110127_DippelWingenfeld-265x176.jpg\" alt=\"\" width=\"265\" height=\"176\" srcset=\"https:\/\/www.fuldaernachrichten.de\/wp-content\/uploads\/2011\/01\/110127_DippelWingenfeld-265x176.jpg 265w, https:\/\/www.fuldaernachrichten.de\/wp-content\/uploads\/2011\/01\/110127_DippelWingenfeld.jpg 592w\" sizes=\"(max-width: 265px) 100vw, 265px\" \/><\/a>Fulda. <\/strong>Zu einer R\u00fcckschau bei Kaffee und Kuchen hatte Bernd Wystrach,<strong> <\/strong>Gesamtleiter Caritas Berufswege und Werkst\u00e4tten, alle freiwilligen Helfer vom Caritas-Weihnachtsmarktstand 2010 in die Caritas Werkst\u00e4tten St.-Vinzenz-Stra\u00dfe eingeladen. Unter den rund 90 G\u00e4sten \u00c2\u00a0waren auch Fuldas B\u00fcrgermeister Dr. Wolfgang Dippel und Erster Kreisbeigeordneter Dr. Heiko Wingenfeld, die beide ebenfalls als Standverk\u00e4ufer in der Adventszeit ihren Beitrag zum Verkaufserfolg geleistet hatten. Beide Politiker zeigten sich auch mit dem Abstand von gut einem Monat noch \u00e4u\u00dferst begeistert bez\u00fcglich ihrer Erfahrungen als Marktverk\u00e4ufer und sagten zu, auch Ende 2011 wieder aktiv zu werden, zumal, wie sie betonten, die Verpflegung w\u00e4hrend ihres Einsatzes \u2013 auch mit w\u00e4rmendem Gl\u00fchwein \u2013 hervorragend gewesen w\u00e4re.<!--more--><\/p>\n<p>Dank an alle anwesenden Helfer und Gr\u00fc\u00dfe von der \u00fcbrigen Verbandsleitung richtete in einer kurzen Ansprache Caritas-Vorstandsmitglied Ansgar Erb aus, der neben den beiden Fuldaer Politikern auch den B\u00fcrgermeister von K\u00fcnzell, Peter Meinecke, sowie den Fuldaer Generalvikar Prof. Dr. Gerhard Stanke als Standverk\u00e4ufer hatte gewinnen k\u00f6nnen, die allerdings bei der Nachfeier verhindert waren zu kommen.<\/p>\n<p>Gesamtwerkst\u00e4ttenleiter Bernd Wystrach konnte den Anwesenden bekannt geben, dass der Gesamtumsatz aus dem Verkauf erneut gegen\u00fcber dem Vorjahr um 15 Prozent auf 11.600 Euro gesteigert werden konnte. Gro\u00dfen Anteil daran hatten die vielen Strickprodukte, die ganzj\u00e4hrig in Handarbeit gefertigt w\u00fcrden, und mit denen sich der Werkstatt-Weihnachtsmarktstand mittlerweile einen sehr guten Namen gemacht habe. Aber auch andere Produkte wie die Vogelh\u00e4uschen und weitere Erzeugnisse aus Caritas Werkst\u00e4tten h\u00e4tten zu dem guten Ergebnis erheblich beigetragen.<\/p>\n<p>Es sei aber nicht nur der Umsatz, so Wystrach, der den Wert des Standes ausmache, sondern auch das gemeinsame ehrenamtliche Engagement von vielen Menschen \u00fcber einen Zeitraum von vier Wochen hinweg bei Wind und Wetter. Alle Gewinne aus dem Verkauf, so betonte Wystrach, w\u00fcrden dem Freizeitclub der Caritas-Werkst\u00e4tten zuflie\u00dfen, einer Elterninitiative, die Freizeitangebote f\u00fcr die \u00c2\u00a0Werkstattmitarbeiter organisiert, die den besonderen Anforderungen von Menschen mit Einschr\u00e4nkungen gerecht werden.<\/p>\n<p>Peter Sauer, der Vorsitzende des Freizeitclubs, betonte, dass diese Freizeitangebote sich immer gr\u00f6\u00dferer Beliebtheit bei den Werkstattmitarbeitern erfreuten. Die Initiative b\u00f6te zudem die M\u00f6glichkeit, dass Angeh\u00f6rige der Menschen mit Behinderung sich besser kennen lernten, und so ein Zusammengeh\u00f6rigkeitsgef\u00fchl entst\u00fcnde \u2013 auch zwischen den verschiedenen Caritas-Werkstattstandorten in Fulda. (Infos und Kontakt: <a href=\"http:\/\/www.behindertenhilfe-fulda.de\/\">www.behindertenhilfe-fulda.de<\/a>, <a href=\"http:\/\/www.fzcf.de\/\">www.fzcf.de<\/a>). (cif)<\/p>\n","protected":false},"excerpt":{"rendered":"<div class=\"tmnf_excerpt\"><p>Fulda. Zu einer R\u00fcckschau bei Kaffee und Kuchen hatte Bernd Wystrach, Gesamtleiter Caritas Berufswege und Werkst\u00e4tten, alle freiwilligen Helfer vom Caritas-Weihnachtsmarktstand 2010 in die Caritas Werkst\u00e4tten St.-Vinzenz-Stra\u00dfe eingeladen. Unter den rund 90 G\u00e4sten \u00c2\u00a0waren auch Fuldas B\u00fcrgermeister Dr. Wolfgang Dippel und Erster Kreisbeigeordneter Dr. Heiko Wingenfeld, die beide ebenfalls als Standverk\u00e4ufer in der Adventszeit ihren &hellip;<\/p>\n<\/div>","protected":false},"author":1,"featured_media":0,"comment_status":"closed","ping_status":"closed","sticky":false,"template":"","format":"standard","meta":{"footnotes":""},"categories":[1],"tags":[],"class_list":["post-81625","post","type-post","status-publish","format-standard","hentry","category-startseite"],"_links":{"self":[{"href":"https:\/\/www.fuldaernachrichten.de\/index.php?rest_route=\/wp\/v2\/posts\/81625","targetHints":{"allow":["GET"]}}],"collection":[{"href":"https:\/\/www.fuldaernachrichten.de\/index.php?rest_route=\/wp\/v2\/posts"}],"about":[{"href":"https:\/\/www.fuldaernachrichten.de\/index.php?rest_route=\/wp\/v2\/types\/post"}],"author":[{"embeddable":true,"href":"https:\/\/www.fuldaernachrichten.de\/index.php?rest_route=\/wp\/v2\/users\/1"}],"replies":[{"embeddable":true,"href":"https:\/\/www.fuldaernachrichten.de\/index.php?rest_route=%2Fwp%2Fv2%2Fcomments&post=81625"}],"version-history":[{"count":3,"href":"https:\/\/www.fuldaernachrichten.de\/index.php?rest_route=\/wp\/v2\/posts\/81625\/revisions"}],"predecessor-version":[{"id":81834,"href":"https:\/\/www.fuldaernachrichten.de\/index.php?rest_route=\/wp\/v2\/posts\/81625\/revisions\/81834"}],"wp:attachment":[{"href":"https:\/\/www.fuldaernachrichten.de\/index.php?rest_route=%2Fwp%2Fv2%2Fmedia&parent=81625"}],"wp:term":[{"taxonomy":"category","embeddable":true,"href":"https:\/\/www.fuldaernachrichten.de\/index.php?rest_route=%2Fwp%2Fv2%2Fcategories&post=81625"},{"taxonomy":"post_tag","embeddable":true,"href":"https:\/\/www.fuldaernachrichten.de\/index.php?rest_route=%2Fwp%2Fv2%2Ftags&post=81625"}],"curies":[{"name":"wp","href":"https:\/\/api.w.org\/{rel}","templated":true}]}}