{"id":81561,"date":"2011-01-27T00:47:28","date_gmt":"2011-01-27T00:47:28","guid":{"rendered":"http:\/\/www.fuldaer-nachrichten.de\/?p=81561"},"modified":"2011-01-26T13:47:47","modified_gmt":"2011-01-26T13:47:47","slug":"kursangebot-der-volkshochschule-sehtraining-fuer-beruf-und-alltag","status":"publish","type":"post","link":"https:\/\/www.fuldaernachrichten.de\/?p=81561","title":{"rendered":"Kursangebot der Volkshochschule &#8211; Sehtraining f\u00fcr Beruf und Alltag"},"content":{"rendered":"<p><strong>Fulda. <\/strong>Haben Sie \u00f6fters m\u00fcde Augen, sehen am Ende des Tages manchmal verschwommen oder sind Sie besonders lichtempfindlich? Sie haben den Eindruck, immer schlechter zu sehen und das Scharfstellen f\u00e4llt Ihnen zunehmend schwer? Ein Sehtraining der Volkshochschule des Landkreises Fulda unter Leitung von Brigitte G\u00f6th m\u00f6chte Ihnen mit \u00dcbungen und praktischen Tipps helfen. Kursbeginn ist am Donnerstag, 10. Februar, um 10 Uhr im Georg-Stieler-Haus. Informationen und vorherige Anmeldung bei der vhs-Gesch\u00e4ftsstelle, Gallasiniring 30, 36043 Fulda, Telefon 0661\/25199-0, oder unter <a href=\"http:\/\/www.vhs-fulda.de\/\">www.vhs-fulda.de<\/a>.<\/p>\n","protected":false},"excerpt":{"rendered":"<div class=\"tmnf_excerpt\"><p>Fulda. Haben Sie \u00f6fters m\u00fcde Augen, sehen am Ende des Tages manchmal verschwommen oder sind Sie besonders lichtempfindlich? Sie haben den Eindruck, immer schlechter zu sehen und das Scharfstellen f\u00e4llt Ihnen zunehmend schwer? Ein Sehtraining der Volkshochschule des Landkreises Fulda unter Leitung von Brigitte G\u00f6th m\u00f6chte Ihnen mit \u00dcbungen und praktischen Tipps helfen. Kursbeginn ist &hellip;<\/p>\n<\/div>","protected":false},"author":1,"featured_media":0,"comment_status":"closed","ping_status":"closed","sticky":false,"template":"","format":"standard","meta":{"footnotes":""},"categories":[1],"tags":[],"class_list":["post-81561","post","type-post","status-publish","format-standard","hentry","category-startseite"],"_links":{"self":[{"href":"https:\/\/www.fuldaernachrichten.de\/index.php?rest_route=\/wp\/v2\/posts\/81561","targetHints":{"allow":["GET"]}}],"collection":[{"href":"https:\/\/www.fuldaernachrichten.de\/index.php?rest_route=\/wp\/v2\/posts"}],"about":[{"href":"https:\/\/www.fuldaernachrichten.de\/index.php?rest_route=\/wp\/v2\/types\/post"}],"author":[{"embeddable":true,"href":"https:\/\/www.fuldaernachrichten.de\/index.php?rest_route=\/wp\/v2\/users\/1"}],"replies":[{"embeddable":true,"href":"https:\/\/www.fuldaernachrichten.de\/index.php?rest_route=%2Fwp%2Fv2%2Fcomments&post=81561"}],"version-history":[{"count":2,"href":"https:\/\/www.fuldaernachrichten.de\/index.php?rest_route=\/wp\/v2\/posts\/81561\/revisions"}],"predecessor-version":[{"id":81578,"href":"https:\/\/www.fuldaernachrichten.de\/index.php?rest_route=\/wp\/v2\/posts\/81561\/revisions\/81578"}],"wp:attachment":[{"href":"https:\/\/www.fuldaernachrichten.de\/index.php?rest_route=%2Fwp%2Fv2%2Fmedia&parent=81561"}],"wp:term":[{"taxonomy":"category","embeddable":true,"href":"https:\/\/www.fuldaernachrichten.de\/index.php?rest_route=%2Fwp%2Fv2%2Fcategories&post=81561"},{"taxonomy":"post_tag","embeddable":true,"href":"https:\/\/www.fuldaernachrichten.de\/index.php?rest_route=%2Fwp%2Fv2%2Ftags&post=81561"}],"curies":[{"name":"wp","href":"https:\/\/api.w.org\/{rel}","templated":true}]}}