{"id":81552,"date":"2011-01-27T00:48:51","date_gmt":"2011-01-27T00:48:51","guid":{"rendered":"http:\/\/www.fuldaer-nachrichten.de\/?p=81552"},"modified":"2011-01-26T13:49:13","modified_gmt":"2011-01-26T13:49:13","slug":"reservistenverband-verteilt-gelbe-schleife-ueber-seine-landesgruppen","status":"publish","type":"post","link":"https:\/\/www.fuldaernachrichten.de\/?p=81552","title":{"rendered":"Reservistenverband verteilt Gelbe Schleife \u00fcber seine Landesgruppen"},"content":{"rendered":"<p><strong><img fetchpriority=\"high\" decoding=\"async\" class=\"alignleft size-thumbnail wp-image-81553\" title=\"110126_Bonn\" src=\"http:\/\/www.fuldaer-nachrichten.de\/wp-content\/uploads\/2011\/01\/110126_Bonn-265x247.jpg\" alt=\"\" width=\"265\" height=\"247\" srcset=\"https:\/\/www.fuldaernachrichten.de\/wp-content\/uploads\/2011\/01\/110126_Bonn-265x247.jpg 265w, https:\/\/www.fuldaernachrichten.de\/wp-content\/uploads\/2011\/01\/110126_Bonn.jpg 399w\" sizes=\"(max-width: 265px) 100vw, 265px\" \/>Bonn. <\/strong>Der Reservistenverband verteilt ab sofort \u00fcber seine 16 Landesgruppen die \u201eGelbe Schleife der Solidarit\u00e4t mit den Truppen im Einsatz\u201c. Mit dieser symboltr\u00e4chtigen Aktion will der Verband die \u00d6ffentlichkeit auf den gef\u00e4hrlichen Dienst der Soldaten und Reservisten in den Auslandseins\u00e4tzen der Bundeswehr aufmerksam machen. Das Motto der Gelben Schleife, \u201eTu` was f\u00fcr Dein Land\u201c, soll gleichzeitig dazu beitragen, freiwilliges Engagement st\u00e4rker zu w\u00fcrdigen. Die Gelbe Schleife hat sich als das Symbol f\u00fcr die Solidarit\u00e4t zu den Soldaten im Einsatz bereits etabliert. Mit der Schleife des Reservistenverbandes und dem Motto \u201eTu\u00c2\u00b4 was f\u00fcr Dein Land\u201c, geben die Reservisten ihrer Solidarit\u00e4t \u00f6ffentlichen Ausdruck.<!--more--><\/p>\n<p><strong>Hintergrundinformationen zum Reservistenverband<\/strong><\/p>\n<p>Der Verband der Reservisten der Deutschen Bundeswehr e. V. (VdRBw) \u2013 so der volle Name des Reservistenverbandes \u2013 wurde am 22. Januar 1960 in Bonn gegr\u00fcndet und hat seitdem seinen Sitz mit Bundesgesch\u00e4ftsstelle in der Bundesstadt am Rhein. In ganz Deutschland betreuen etwa 100 Gesch\u00e4ftsstellen nicht nur die \u00fcber 123.000 Mitglieder. Der Verband ist zust\u00e4ndig f\u00fcr alle Reservistinnen und Reservisten der Deutschen Bundeswehr in der sogenannten freiwilligen Reservistenarbeit. Er vereint alle Dienstgrade vom Gefreiten bis zum General sowie die f\u00f6rdernden Mitglieder.<\/p>\n<p>Der Reservistenverband tritt f\u00fcr die freiheitliche demokratische Grundordnung der Bundesrepublik Deutschland ein und erf\u00fcllt einen parlamentarischen Auftrag: Im Mittelpunkt stehen die Mittlerrolle der Reservisten f\u00fcr die Streitkr\u00e4fte in der Gesellschaft, deren sicherheitspolitische Bewusstseinsbildung und die Erhaltung und Weiterbildung milit\u00e4rischer F\u00e4higkeiten. Der Reservistenverband erh\u00e4lt j\u00e4hrliche Zuwendungen aus dem Verteidigungsetat des Bundeshaushalts: im Jahr 2010 sind es 13,763 Mio. Euro (2009: 13,857 Mio. Euro).<\/p>\n<p>Getragen wird der Reservistenverband von seinen Mitgliedern und ihrem freiwilligen Engagement in den rund 2.400 Reservistenkameradschaften, Kreis- und Bezirksgruppen. Das Pr\u00e4sidium und die 16 Vorsitzenden der Landesgruppen bilden gemeinsam das Erweiterte Pr\u00e4sidium, die F\u00fchrungsspitze des Verbandes.<\/p>\n","protected":false},"excerpt":{"rendered":"<div class=\"tmnf_excerpt\"><p>Bonn. Der Reservistenverband verteilt ab sofort \u00fcber seine 16 Landesgruppen die \u201eGelbe Schleife der Solidarit\u00e4t mit den Truppen im Einsatz\u201c. Mit dieser symboltr\u00e4chtigen Aktion will der Verband die \u00d6ffentlichkeit auf den gef\u00e4hrlichen Dienst der Soldaten und Reservisten in den Auslandseins\u00e4tzen der Bundeswehr aufmerksam machen. Das Motto der Gelben Schleife, \u201eTu` was f\u00fcr Dein Land\u201c, soll &hellip;<\/p>\n<\/div>","protected":false},"author":1,"featured_media":0,"comment_status":"closed","ping_status":"closed","sticky":false,"template":"","format":"standard","meta":{"footnotes":""},"categories":[1],"tags":[],"class_list":["post-81552","post","type-post","status-publish","format-standard","hentry","category-startseite"],"_links":{"self":[{"href":"https:\/\/www.fuldaernachrichten.de\/index.php?rest_route=\/wp\/v2\/posts\/81552","targetHints":{"allow":["GET"]}}],"collection":[{"href":"https:\/\/www.fuldaernachrichten.de\/index.php?rest_route=\/wp\/v2\/posts"}],"about":[{"href":"https:\/\/www.fuldaernachrichten.de\/index.php?rest_route=\/wp\/v2\/types\/post"}],"author":[{"embeddable":true,"href":"https:\/\/www.fuldaernachrichten.de\/index.php?rest_route=\/wp\/v2\/users\/1"}],"replies":[{"embeddable":true,"href":"https:\/\/www.fuldaernachrichten.de\/index.php?rest_route=%2Fwp%2Fv2%2Fcomments&post=81552"}],"version-history":[{"count":2,"href":"https:\/\/www.fuldaernachrichten.de\/index.php?rest_route=\/wp\/v2\/posts\/81552\/revisions"}],"predecessor-version":[{"id":81580,"href":"https:\/\/www.fuldaernachrichten.de\/index.php?rest_route=\/wp\/v2\/posts\/81552\/revisions\/81580"}],"wp:attachment":[{"href":"https:\/\/www.fuldaernachrichten.de\/index.php?rest_route=%2Fwp%2Fv2%2Fmedia&parent=81552"}],"wp:term":[{"taxonomy":"category","embeddable":true,"href":"https:\/\/www.fuldaernachrichten.de\/index.php?rest_route=%2Fwp%2Fv2%2Fcategories&post=81552"},{"taxonomy":"post_tag","embeddable":true,"href":"https:\/\/www.fuldaernachrichten.de\/index.php?rest_route=%2Fwp%2Fv2%2Ftags&post=81552"}],"curies":[{"name":"wp","href":"https:\/\/api.w.org\/{rel}","templated":true}]}}