{"id":81544,"date":"2011-01-27T00:49:20","date_gmt":"2011-01-27T00:49:20","guid":{"rendered":"http:\/\/www.fuldaer-nachrichten.de\/?p=81544"},"modified":"2011-01-26T13:49:34","modified_gmt":"2011-01-26T13:49:34","slug":"neuer-intensivkurs-angehoerigenpflege-von-mediana-mobil","status":"publish","type":"post","link":"https:\/\/www.fuldaernachrichten.de\/?p=81544","title":{"rendered":"Neuer Intensivkurs \u201eAngeh\u00f6rigenpflege\u201c von Mediana Mobil"},"content":{"rendered":"<p><strong>Fulda. <\/strong>Am Mittwoch, 09. Februar 2011 startet ein vierw\u00f6chiger Intensivkurs (16.02., 23.02. ,02.03.). Jeweils von 17 Uhr\u00c2\u00a0 bis 20 Uhr informiert Pflegedienstleiter Hartmut A. Schwab im MGH Fulda Josefsgarten \u00fcber das vielf\u00e4ltigeThema\u00c2\u00a0 \u201eErleichterung des Pflegealltags- von Experten lernen\u201c. Die Inhalte des Kurses umfassen neben einer Einf\u00fchrung in das Thema, zum Beispiel das Einrichten des Pflegezimmers, R\u00fcckenschonendes Arbeiten, Anleitungen zur K\u00f6rperpflege, Umgang mit Hilfsmitteln und vieles mehr. Auch ist Zeit zum Austausch unter den Kursteilnehmern. Die Teilnahme ist kostenlos. Ausreichend Zeit f\u00fcr die eigenen Fragen und Anliegen ist vorhanden. Anmeldungen und weitere Informationen bitte unter Telefon 0661\/92 80 00.<\/p>\n","protected":false},"excerpt":{"rendered":"<div class=\"tmnf_excerpt\"><p>Fulda. Am Mittwoch, 09. Februar 2011 startet ein vierw\u00f6chiger Intensivkurs (16.02., 23.02. ,02.03.). Jeweils von 17 Uhr\u00c2\u00a0 bis 20 Uhr informiert Pflegedienstleiter Hartmut A. Schwab im MGH Fulda Josefsgarten \u00fcber das vielf\u00e4ltigeThema\u00c2\u00a0 \u201eErleichterung des Pflegealltags- von Experten lernen\u201c. Die Inhalte des Kurses umfassen neben einer Einf\u00fchrung in das Thema, zum Beispiel das Einrichten des Pflegezimmers, &hellip;<\/p>\n<\/div>","protected":false},"author":1,"featured_media":0,"comment_status":"closed","ping_status":"closed","sticky":false,"template":"","format":"standard","meta":{"footnotes":""},"categories":[1],"tags":[],"class_list":["post-81544","post","type-post","status-publish","format-standard","hentry","category-startseite"],"_links":{"self":[{"href":"https:\/\/www.fuldaernachrichten.de\/index.php?rest_route=\/wp\/v2\/posts\/81544","targetHints":{"allow":["GET"]}}],"collection":[{"href":"https:\/\/www.fuldaernachrichten.de\/index.php?rest_route=\/wp\/v2\/posts"}],"about":[{"href":"https:\/\/www.fuldaernachrichten.de\/index.php?rest_route=\/wp\/v2\/types\/post"}],"author":[{"embeddable":true,"href":"https:\/\/www.fuldaernachrichten.de\/index.php?rest_route=\/wp\/v2\/users\/1"}],"replies":[{"embeddable":true,"href":"https:\/\/www.fuldaernachrichten.de\/index.php?rest_route=%2Fwp%2Fv2%2Fcomments&post=81544"}],"version-history":[{"count":2,"href":"https:\/\/www.fuldaernachrichten.de\/index.php?rest_route=\/wp\/v2\/posts\/81544\/revisions"}],"predecessor-version":[{"id":81581,"href":"https:\/\/www.fuldaernachrichten.de\/index.php?rest_route=\/wp\/v2\/posts\/81544\/revisions\/81581"}],"wp:attachment":[{"href":"https:\/\/www.fuldaernachrichten.de\/index.php?rest_route=%2Fwp%2Fv2%2Fmedia&parent=81544"}],"wp:term":[{"taxonomy":"category","embeddable":true,"href":"https:\/\/www.fuldaernachrichten.de\/index.php?rest_route=%2Fwp%2Fv2%2Fcategories&post=81544"},{"taxonomy":"post_tag","embeddable":true,"href":"https:\/\/www.fuldaernachrichten.de\/index.php?rest_route=%2Fwp%2Fv2%2Ftags&post=81544"}],"curies":[{"name":"wp","href":"https:\/\/api.w.org\/{rel}","templated":true}]}}