{"id":81542,"date":"2011-01-27T00:49:42","date_gmt":"2011-01-27T00:49:42","guid":{"rendered":"http:\/\/www.fuldaer-nachrichten.de\/?p=81542"},"modified":"2011-01-26T13:49:57","modified_gmt":"2011-01-26T13:49:57","slug":"buchpraesentation-zu-duerrenmatt-in-der-hochschul-und-landesbibliothek","status":"publish","type":"post","link":"https:\/\/www.fuldaernachrichten.de\/?p=81542","title":{"rendered":"Buchpr\u00e4sentation zu D\u00fcrrenmatt in der Hochschul- und Landesbibliothek"},"content":{"rendered":"<p><strong>Fulda. <\/strong>Zum 90. Geburtstag des Schweizer Schriftstellers, Dramatikers und Malers Friedrich D\u00fcrrenmatt (1921 \u2013 1990) am 5. Januar 2011 zeigt die Hochschul- und Landesbibliothek Fulda am Standort Heinrich-von-Bibra-Platz vom 24. Januar bis 7. M\u00e4rz einen kleinen Ausschnitt seines umfassenden Werkes in B\u00fcchern. In zahlreichen Dramen, Romanen, Erz\u00e4hlungen, H\u00f6rspielen, Essays und Festreden setzte sich D\u00fcrrenmatt mit politischen, philosophischen und religi\u00f6sen Themen auseinander. Den ersten gro\u00dfen Erfolg in Deutschland hatte D\u00fcrrenmatt mit dem St\u00fcck &#8220;Die Ehe des Herrn Mississippi&#8221; (1952), international wurde er bekannt mit &#8220;Der Besuch der alten Dame&#8221; (1956) und &#8220;Die Physiker&#8221; (1962). Recht und Gerechtigkeit, Fragen von Verantwortung und Mut sind Grundthemen seiner Werke. <!--more--><\/p>\n<p>Mit zynischem Humor, Sarkasmus und dem Stilmittel der Satire \u00fcbt er Kritik an der Gesellschaft und einer von Katastrophen gezeichneten Welt und enth\u00fcllt damit allzu Menschliches: Angst, Gier, Stolz und Feigheit. Im Gegensatz dazu steht in seinen St\u00fccken aber auch der &#8220;mutige Mensch&#8221;, der f\u00fcr seine \u00dcberzeugungen und Ideale einsteht. Das Heldentum bei D\u00fcrrenmatt besteht im echten Menschsein und im menschlichen Scheitern.\u00c2\u00a0 Wenig bekannt ist, dass Friedrich D\u00fcrrenmatt, der zun\u00e4chst Philosophie, Naturwissenschaften und Germanistik studierte, eigentlich gerne Maler geworden w\u00e4re. Zeitlebens zeichnete er leidenschaftlich und schuf ganze B\u00fchnenbilder, eigene Illustrationen zu seinen Werken, von denen insbesondere seine Karikaturen hervorzuheben sind. F\u00fcr sein umfangreiches und kritisches Werk wurde D\u00fcrrenmatt mit vielen Preisen und auch Ehrendoktorw\u00fcrden ausgezeichnet.<\/p>\n","protected":false},"excerpt":{"rendered":"<div class=\"tmnf_excerpt\"><p>Fulda. Zum 90. Geburtstag des Schweizer Schriftstellers, Dramatikers und Malers Friedrich D\u00fcrrenmatt (1921 \u2013 1990) am 5. Januar 2011 zeigt die Hochschul- und Landesbibliothek Fulda am Standort Heinrich-von-Bibra-Platz vom 24. Januar bis 7. M\u00e4rz einen kleinen Ausschnitt seines umfassenden Werkes in B\u00fcchern. In zahlreichen Dramen, Romanen, Erz\u00e4hlungen, H\u00f6rspielen, Essays und Festreden setzte sich D\u00fcrrenmatt mit &hellip;<\/p>\n<\/div>","protected":false},"author":1,"featured_media":0,"comment_status":"closed","ping_status":"closed","sticky":false,"template":"","format":"standard","meta":{"footnotes":""},"categories":[1],"tags":[],"class_list":["post-81542","post","type-post","status-publish","format-standard","hentry","category-startseite"],"_links":{"self":[{"href":"https:\/\/www.fuldaernachrichten.de\/index.php?rest_route=\/wp\/v2\/posts\/81542","targetHints":{"allow":["GET"]}}],"collection":[{"href":"https:\/\/www.fuldaernachrichten.de\/index.php?rest_route=\/wp\/v2\/posts"}],"about":[{"href":"https:\/\/www.fuldaernachrichten.de\/index.php?rest_route=\/wp\/v2\/types\/post"}],"author":[{"embeddable":true,"href":"https:\/\/www.fuldaernachrichten.de\/index.php?rest_route=\/wp\/v2\/users\/1"}],"replies":[{"embeddable":true,"href":"https:\/\/www.fuldaernachrichten.de\/index.php?rest_route=%2Fwp%2Fv2%2Fcomments&post=81542"}],"version-history":[{"count":2,"href":"https:\/\/www.fuldaernachrichten.de\/index.php?rest_route=\/wp\/v2\/posts\/81542\/revisions"}],"predecessor-version":[{"id":81583,"href":"https:\/\/www.fuldaernachrichten.de\/index.php?rest_route=\/wp\/v2\/posts\/81542\/revisions\/81583"}],"wp:attachment":[{"href":"https:\/\/www.fuldaernachrichten.de\/index.php?rest_route=%2Fwp%2Fv2%2Fmedia&parent=81542"}],"wp:term":[{"taxonomy":"category","embeddable":true,"href":"https:\/\/www.fuldaernachrichten.de\/index.php?rest_route=%2Fwp%2Fv2%2Fcategories&post=81542"},{"taxonomy":"post_tag","embeddable":true,"href":"https:\/\/www.fuldaernachrichten.de\/index.php?rest_route=%2Fwp%2Fv2%2Ftags&post=81542"}],"curies":[{"name":"wp","href":"https:\/\/api.w.org\/{rel}","templated":true}]}}