{"id":81534,"date":"2011-01-27T00:50:05","date_gmt":"2011-01-27T00:50:05","guid":{"rendered":"http:\/\/www.fuldaer-nachrichten.de\/?p=81534"},"modified":"2011-01-26T13:50:22","modified_gmt":"2011-01-26T13:50:22","slug":"bewerbungen-fuer-elisabeth-selbert-preis-bis-8-maerz-moeglich","status":"publish","type":"post","link":"https:\/\/www.fuldaernachrichten.de\/?p=81534","title":{"rendered":"Bewerbungen f\u00fcr Elisabeth-Selbert-Preis bis 8. M\u00e4rz m\u00f6glich"},"content":{"rendered":"<p><strong>Wiesbaden. <\/strong>Mit dem Elisabeth-Selbert-Preis w\u00fcrdigt das Land Hessen seit 1983 herausragende Leistungen zur Verwirklichung von Chancengleichheit und Gleichberechtigung. \u201eEngagement, Mut, Kreativit\u00e4t und gestalterische Kraft von Frauen und M\u00e4nnern, die sich f\u00fcr diese Ziele einsetzen, wollen wir anerkennen. 2011 hat die Verleihung durch den anstehenden 25. Todestag von Elisabeth Selbert eine besondere Bedeutung\u201c, erkl\u00e4rte der Hessische Sozialminister Stefan Gr\u00fcttner. Die feierliche \u00dcberreichung des Preises werde deshalb in diesem Jahr bereits im Monat Juni stattfinden \u2013 Elisabeth Selbert war am 9. Juni 1986 verstorben.<!--more--><\/p>\n<p>Der Elisabeth-Selbert-Preis wird alle zwei Jahre von der Hessischen Landesregierung verliehen und ist mit 10.000 Euro dotiert. Die Auszeichnung richtet sich an Frauen und M\u00e4nner, die sich in der allt\u00e4glichen Praxis durch besonderes Engagement oder durch berufliche Kompetenz \u00c2\u00a0f\u00fcr Chancengleichheit und Gleichberechtigung eingesetzt haben, gepaart mit umfassendem Wissen um die Notwendigkeit von Gleichberechtigung in der Demokratie.<\/p>\n<p>Mit der Auszeichnung erinnert die Landesregierung an die hessische Juristin Elisabeth Selbert (geboren am 22. September 1896), die sich erfolgreich und nachhaltig f\u00fcr die Rechte der Frauen engagiert hat und eine der wenigen M\u00fctter des Grundgesetzes ist. Durch ihren unerm\u00fcdlichen und nicht nachlassenden Einsatz ist ihr die Verankerung des Gleichberechtigungsgrundsatzes im Grundgesetz zu verdanken. In Artikel 3 Absatz 2 Satz 1 des Grundgesetzes hei\u00dft es seit dem 23. Mai 1949: \u201eM\u00e4nner und Frauen sind gleichberechtigt.\u201c<\/p>\n<p>\u201eElisabeth Selbert ist ein Vorbild. Auch heute bleibt es ein wichtiges gesellschaftliches Anliegen, f\u00fcr Gleichberechtigung und Chancengleichheit von Frauen und M\u00e4nnern zu sorgen. Im Jubil\u00e4umsjahr des 100. Internationalen Frauentages sollen bei der Preisvergabe diejenigen Pers\u00f6nlichkeiten eine Anerkennung erfahren, die mit ihrem Wirken diese nach wie vor grundlegende und aktuelle gesellschaftliche Thematik mit neuen Impulsen versehen\u201c, sagte Sozialminister Gr\u00fcttner weiter.<\/p>\n<p>Der Preis kann sowohl als Hauptpreis oder gemeinsam mit einem F\u00f6rderpreis verliehen werden. \u00dcber die Preisvergabe entscheidet eine Jury. Der Vorschlag oder die Bewerbung muss die Leistung, die ausgezeichnet werden soll, benennen sowie darlegen, worin das besondere nachpr\u00fcfbare Engagement besteht. Mit dem Vorschlag oder der Bewerbung ist gegebenenfalls die zu w\u00fcrdigende Arbeit einzureichen. Eigenbewerbungen sind m\u00f6glich.<\/p>\n<p>Bewerbungen in siebenfacher Ausfertigung m\u00fcssen eingereicht werden bis Dienstag, 8. M\u00e4rz 2011 (Poststempel):<\/p>\n<p>Hessisches Sozialministerium &#8211; Stabsstelle Frauenpolitik<br \/>\nDostojewskistra\u00dfe 4<br \/>\n65187 Wiesbaden<\/p>\n<p>N\u00e4here Informationen gibt es beim Hessischen Sozialministerium, Maja Weise, Telefon (0611) 817-3590.<\/p>\n","protected":false},"excerpt":{"rendered":"<div class=\"tmnf_excerpt\"><p>Wiesbaden. Mit dem Elisabeth-Selbert-Preis w\u00fcrdigt das Land Hessen seit 1983 herausragende Leistungen zur Verwirklichung von Chancengleichheit und Gleichberechtigung. \u201eEngagement, Mut, Kreativit\u00e4t und gestalterische Kraft von Frauen und M\u00e4nnern, die sich f\u00fcr diese Ziele einsetzen, wollen wir anerkennen. 2011 hat die Verleihung durch den anstehenden 25. Todestag von Elisabeth Selbert eine besondere Bedeutung\u201c, erkl\u00e4rte der Hessische &hellip;<\/p>\n<\/div>","protected":false},"author":1,"featured_media":0,"comment_status":"closed","ping_status":"closed","sticky":false,"template":"","format":"standard","meta":{"footnotes":""},"categories":[1],"tags":[],"class_list":["post-81534","post","type-post","status-publish","format-standard","hentry","category-startseite"],"_links":{"self":[{"href":"https:\/\/www.fuldaernachrichten.de\/index.php?rest_route=\/wp\/v2\/posts\/81534","targetHints":{"allow":["GET"]}}],"collection":[{"href":"https:\/\/www.fuldaernachrichten.de\/index.php?rest_route=\/wp\/v2\/posts"}],"about":[{"href":"https:\/\/www.fuldaernachrichten.de\/index.php?rest_route=\/wp\/v2\/types\/post"}],"author":[{"embeddable":true,"href":"https:\/\/www.fuldaernachrichten.de\/index.php?rest_route=\/wp\/v2\/users\/1"}],"replies":[{"embeddable":true,"href":"https:\/\/www.fuldaernachrichten.de\/index.php?rest_route=%2Fwp%2Fv2%2Fcomments&post=81534"}],"version-history":[{"count":2,"href":"https:\/\/www.fuldaernachrichten.de\/index.php?rest_route=\/wp\/v2\/posts\/81534\/revisions"}],"predecessor-version":[{"id":81585,"href":"https:\/\/www.fuldaernachrichten.de\/index.php?rest_route=\/wp\/v2\/posts\/81534\/revisions\/81585"}],"wp:attachment":[{"href":"https:\/\/www.fuldaernachrichten.de\/index.php?rest_route=%2Fwp%2Fv2%2Fmedia&parent=81534"}],"wp:term":[{"taxonomy":"category","embeddable":true,"href":"https:\/\/www.fuldaernachrichten.de\/index.php?rest_route=%2Fwp%2Fv2%2Fcategories&post=81534"},{"taxonomy":"post_tag","embeddable":true,"href":"https:\/\/www.fuldaernachrichten.de\/index.php?rest_route=%2Fwp%2Fv2%2Ftags&post=81534"}],"curies":[{"name":"wp","href":"https:\/\/api.w.org\/{rel}","templated":true}]}}