{"id":8146,"date":"2008-03-07T00:05:54","date_gmt":"2008-03-06T23:05:54","guid":{"rendered":"http:\/\/www.schoene-nachrichten.de\/?p=8146"},"modified":"2008-03-06T23:50:23","modified_gmt":"2008-03-06T22:50:23","slug":"diesjaehrige-osterputzaktion-offiziell-gestartet","status":"publish","type":"post","link":"https:\/\/www.fuldaernachrichten.de\/?p=8146","title":{"rendered":"Diesj\u00e4hrige Osterputzaktion offiziell gestartet"},"content":{"rendered":"<p><strong><a rel=\"lightbox[roadtrip]\" target=\"_blank\" href=\"http:\/\/www.schoene-nachrichten.de\/wp-content\/uploads\/2008\/03\/080306_osterputz-1.jpg\" title=\"080306_osterputz-1.jpg\"><img decoding=\"async\" align=\"left\" src=\"http:\/\/www.schoene-nachrichten.de\/wp-content\/uploads\/2008\/03\/080306_osterputz-1.thumbnail.jpg\" hspace=\"5\" alt=\"080306_osterputz-1.jpg\" \/><\/a>Poppenhausen.<\/strong> Man kann nicht fr\u00fch genug damit anfangen, die Umwelt zu schonen. Hierzu geh\u00f6rt, dass Abf\u00e4lle ordnungsgem\u00e4\u00df entsorgt und nicht achtlos weggeworfen werden. Dieser Grundgedanke steht hinter der traditionellen Osterputzaktion, die zum 32. Mal von der Schutzgemeinschaft Deutscher Wald im Landkreis Fulda durchgef\u00fchrt wird. Die Auftaktveranstaltung fand heute in Poppenhausen gemeinsam mit den Sch\u00fclerinnen und Sch\u00fclern der Grundschule statt.<!--more--><\/p>\n<p>\u201eEinige Erwachsene sind nicht so schlau wie Ihr. Manchmal wissen Kinder besser, was sich geh\u00f6rt\u201c, begr\u00fc\u00dfte Landrat Bernd Woide, der auch Kreisvorsitzender der Schutzgemeinschaft Deutscher Wald ist, die Grundsch\u00fcler und lobte sie f\u00fcr ihr En-gagement zu Gunsten einer sauberen Umwelt. Sein Dank galt weiterhin der Sparkasse Fulda sowie der Firma KCL aus Eichenzell, die M\u00fclls\u00e4cke und Schutzhandschuhe f\u00fcr die kreisweite Sammelaktion gespendet haben.<\/p>\n<p>Auf Nachfrage des Landrats z\u00e4hlten die Kinder auf, was sie beim Einsammeln gefunden hatten. Unter anderem wurden Flaschen, Zigaretten, Schuhe, Bretter, eine Batterie und Papier genannt. Schulleiter Manfred R\u00f6der betonte, dass sich die Lehrkr\u00e4fte und Sch\u00fcler der Poppenhausener Grundschule gerne bereit erkl\u00e4rt h\u00e4tten, als Vorreiter in Sachen Umweltschutz zur Verf\u00fcgung zu stehen. Es sei ein p\u00e4dagogisch wichtiger Lernprozess, Natur und Landschaft sauber zu halten.<\/p>\n<p>Der Gesch\u00e4ftsf\u00fchrer des Kreisverbandes Fulda der Schutzgemeinschaft Deutscher Wald, Dr. Henning Faust, nutzte die Gelegenheit, um alle interessierten Schulklassen und Jugendgruppen zur Teilnahme am Baum-Malwettbewerb der Schutzgemein-schaft einzuladen, bei es attraktive Preise, darunter eine Fahrt zu einem hessischen Waldjugendheim, zu gewinnen gibt. B\u00fcrgermeister Manfred Helfrich wies auf die Initiative von Poppenhausen hin, m\u00fcllfreier Luftkurort zu werden.<\/p>\n<p>Die Erweiterung des gemeindlichen Wertstoffhofs, wo k\u00fcnftig auch Altkleider und Schuhe abgegeben werden k\u00f6nnten, z\u00e4hle ebenso zu diesen Aktivit\u00e4ten auf dem Gebiet des Umweltschutzes, f\u00fchrte Helfrich weiter aus. Das Fazit von B\u00fcrgermeister und Landrat, das Helmut Sauer und Rainer Herzig als Vertreter der beiden Sponsoren ausdr\u00fccklich teilten, lautete: \u201eWer sich in Zukunft \u00fcber weggeworfenen M\u00fcll \u00e4rgert, hat durch die Osterputzaktion etwas f\u00fcrs Leben gelernt.\u201c<\/p>\n","protected":false},"excerpt":{"rendered":"<div class=\"tmnf_excerpt\"><p>Poppenhausen. Man kann nicht fr\u00fch genug damit anfangen, die Umwelt zu schonen. Hierzu geh\u00f6rt, dass Abf\u00e4lle ordnungsgem\u00e4\u00df entsorgt und nicht achtlos weggeworfen werden. Dieser Grundgedanke steht hinter der traditionellen Osterputzaktion, die zum 32. Mal von der Schutzgemeinschaft Deutscher Wald im Landkreis Fulda durchgef\u00fchrt wird. Die Auftaktveranstaltung fand heute in Poppenhausen gemeinsam mit den Sch\u00fclerinnen und &hellip;<\/p>\n<\/div>","protected":false},"author":1,"featured_media":0,"comment_status":"closed","ping_status":"closed","sticky":false,"template":"","format":"standard","meta":{"footnotes":""},"categories":[1,29,52],"tags":[],"class_list":["post-8146","post","type-post","status-publish","format-standard","hentry","category-startseite","category-politik","category-umwelt"],"_links":{"self":[{"href":"https:\/\/www.fuldaernachrichten.de\/index.php?rest_route=\/wp\/v2\/posts\/8146","targetHints":{"allow":["GET"]}}],"collection":[{"href":"https:\/\/www.fuldaernachrichten.de\/index.php?rest_route=\/wp\/v2\/posts"}],"about":[{"href":"https:\/\/www.fuldaernachrichten.de\/index.php?rest_route=\/wp\/v2\/types\/post"}],"author":[{"embeddable":true,"href":"https:\/\/www.fuldaernachrichten.de\/index.php?rest_route=\/wp\/v2\/users\/1"}],"replies":[{"embeddable":true,"href":"https:\/\/www.fuldaernachrichten.de\/index.php?rest_route=%2Fwp%2Fv2%2Fcomments&post=8146"}],"version-history":[{"count":0,"href":"https:\/\/www.fuldaernachrichten.de\/index.php?rest_route=\/wp\/v2\/posts\/8146\/revisions"}],"wp:attachment":[{"href":"https:\/\/www.fuldaernachrichten.de\/index.php?rest_route=%2Fwp%2Fv2%2Fmedia&parent=8146"}],"wp:term":[{"taxonomy":"category","embeddable":true,"href":"https:\/\/www.fuldaernachrichten.de\/index.php?rest_route=%2Fwp%2Fv2%2Fcategories&post=8146"},{"taxonomy":"post_tag","embeddable":true,"href":"https:\/\/www.fuldaernachrichten.de\/index.php?rest_route=%2Fwp%2Fv2%2Ftags&post=8146"}],"curies":[{"name":"wp","href":"https:\/\/api.w.org\/{rel}","templated":true}]}}