{"id":8145,"date":"2008-03-07T00:31:55","date_gmt":"2008-03-06T23:31:55","guid":{"rendered":"http:\/\/www.schoene-nachrichten.de\/?p=8145"},"modified":"2008-03-06T22:32:20","modified_gmt":"2008-03-06T21:32:20","slug":"arbeitsgemeinschaft-rhoen-trifft-grundsatzentscheidung-zur-dachmarke","status":"publish","type":"post","link":"https:\/\/www.fuldaernachrichten.de\/?p=8145","title":{"rendered":"Arbeitsgemeinschaft Rh\u00f6n trifft Grundsatzentscheidung zur Dachmarke"},"content":{"rendered":"<p><strong>Bad Salzungen<\/strong>. F\u00fcr die rund 200 Nutzer des Biosiegels Rh\u00f6n und des Qualit\u00e4ts- und Herkunftszeichens Rh\u00f6n, beide vereint in der so genannten Dachmarke Rh\u00f6n, wird es in Zukunft eine komplett neue Organisationsstruktur geben. Das hat der Vorstand der Regionalen Arbeitsgemeinschaft Rh\u00f6n w\u00e4hrend seiner letzten Tagung beschlossen.<!--more--><\/p>\n<p>Als Tr\u00e4ger des wichtigsten Projektes der Regionalen Arbeitsgemeinschaft Rh\u00f6n wird der gemeinn\u00fctzige, L\u00e4nder \u00fcbergreifende Verein \u201eDachmarke Rh\u00f6n e.V\u201c agieren, sagt der Landrat des Wartburgkreises und amtierender Vorsitzender der Arbeitsgemeinschaft Rh\u00f6n, Reinhard Krebs. \u201eIn diesem Verein werden die f\u00fcnf Rh\u00f6nlandkreise vertreten sein und gemeinsam mit den Siegelnutzern die Inhalte der Dachmarke festlegen\u201c, erl\u00e4utert er.<\/p>\n<p>Als sozusagen \u201eausf\u00fchrendes Organ\u201c dieser inhaltlichen Ideen wird eine GmbH dienen, deren Gesellschafter aber momentan noch nicht feststehen. \u201eDiese GmbH wird alle Fragen der Bewerbung der Dachmarke organisieren. Und sie wird gewinnorientiert arbeiten\u201c, k\u00fcndigt Krebs an.<\/p>\n<p>Das Konstrukt aus Verein auf der einen und GmbH auf der anderen Seite gab es bislang nicht. \u201eIn Bezug auf das geltende Markenrecht ist das aber die einzig sinnvolle rechtliche Form. Au\u00dferdem gestattet sie den f\u00fcnf Rh\u00f6nlandkreisen, auch weiterhin die Inhalte der Dachmarke mitzubestimmen\u201c, hebt der Vorsitzende hervor. \u201eWir brauchen die GmbH, um auf Dauer die Bedienung der Partnerbetriebe zu organisieren.\u201c<\/p>\n<p>Der stellvertretende Landrat von Bad Kissingen, Eberhard Gr\u00e4f, nennt noch einen entscheidenden Vorteil der neuen Organisationsstruktur: Dem gemeinn\u00fctzigen Verein kann jederzeit ein neues Mitglied beitreten, ohne dass dieser Vorgang Aufwand ausl\u00f6st. \u201eH\u00e4tten wir nur eine GmbH, so m\u00fcssten wir jedes Mal, wenn ein neues Mitglied aufgenommen wird, \u00c4nderungen im Handelsregister vornehmen. Das w\u00e4re nicht zumutbar.\u201c<\/p>\n<p>Reinhard Krebs wei\u00df, dass die Gr\u00fcndung immer neuer Vereine oft Unverst\u00e4ndnis ausl\u00f6st. \u201eAber wir wollen mit dem Verein ,Dachmarke Rh\u00f6n e.V.\u00e2\u20ac\u2122 keine Vereinsmeierei betreiben, sondern er vereint alle Siegelnutzer aus unseren f\u00fcnf Kreisen. Der Verein ist einfach notwendig, um gut arbeiten zu k\u00f6nnen und die Dachmarke voranzubringen\u201c, begr\u00fcndet er. Um den Partnerbetrieben der Dachmarke Rh\u00f6n die neue Organisationsstruktur zu erl\u00e4utern, wird es am 9. und 14. April zwei Veranstaltungen geben.<\/p>\n<p>Der Landrat des Rh\u00f6n-Grabfeld-Kreises, Thomas Habermann, spricht von einem \u201eDurchbruch\u201c, der mit der Entscheidung zur neuen Organisationsstruktur f\u00fcr die Dachmarke Rh\u00f6n gelungen ist.<\/p>\n<p>\u201eDas ist haupts\u00e4chlich der Verhandlungsf\u00fchrung meines Kollegen Reinhard Krebs zu verdanken, der uns aber auch die Probleme konkret benannt hat, vor denen wir stehen. Er hat deutlich gemacht, dass wir in dieser Angelegenheit unbedingt weiter kommen m\u00fcssen.\u201c Gleichzeitig weist Habermann auf die Tatsache hin, dass die Aktivit\u00e4ten zugunsten der Rh\u00f6n nicht zu Lasten anderer Bereiche des jeweiligen Landkreises gehen d\u00fcrfen.<\/p>\n<p>\u201eDer Wartburgkreis hat noch den Hainich, der Landkreis Fulda den Vogelsberg, wir die Ha\u00dfberge, Bad Kissingen das Fr\u00e4nkische Weinland und Schmalkalden-Meiningen den Th\u00fcringer Wald zu bedienen\u201c, nennt Habermann Beispiele. Im Bereich Rh\u00f6n h\u00e4tten alle f\u00fcnf Landkreise den entscheidenden Vorteil, \u201edass wir die St\u00e4rke dieser Region gemeinsam unterst\u00fctzen k\u00f6nnen.\u201c Die Gr\u00fcndung des neuen Vereins \u201eDachmarke Rh\u00f6n e.V.\u201c ist f\u00fcr das Fr\u00fchjahr anvisiert.<\/p>\n<p>Die Etablierung der Dachmarke Rh\u00f6n als starke Regional- und Qualit\u00e4tsmarke ist zugleich der gr\u00f6\u00dfte Ausgabeposten im neuen Haushalt der Arbeitsgemeinschaft Rh\u00f6n. Insgesamt betr\u00e4gt dieser rund 200 000 Euro, f\u00fcr deren Finanzierung die f\u00fcnf Rh\u00f6nlandkreise, die Verwaltungen des Biosph\u00e4renreservates Rh\u00f6n sowie die drei Regionalforen in Bayern, Hessen und Th\u00fcringen aufkommen.<\/p>\n<p>Im Vergleich zum Vorjahr ist der Haushalt damit um 50 000 Euro erh\u00f6ht. \u201eDiese 50 000 Euro bringen wir nicht als zus\u00e4tzliches Geld der Landkreise auf, sondern wir sch\u00f6pfen es aus Projekten, die bereits Einnahmen erzielen\u201c, erl\u00e4utert der Gesch\u00e4ftsf\u00fchrer der Regionalen Arbeitsgemeinschaft Rh\u00f6n, Ewald Kl\u00fcber. Neben der Dachmarke werde vor allem die Wegestruktur der Rh\u00f6n weiter entwickelt. Das betrifft insbesondere die Beschilderung von Rad- und Wanderwegen.<\/p>\n","protected":false},"excerpt":{"rendered":"<div class=\"tmnf_excerpt\"><p>Bad Salzungen. F\u00fcr die rund 200 Nutzer des Biosiegels Rh\u00f6n und des Qualit\u00e4ts- und Herkunftszeichens Rh\u00f6n, beide vereint in der so genannten Dachmarke Rh\u00f6n, wird es in Zukunft eine komplett neue Organisationsstruktur geben. Das hat der Vorstand der Regionalen Arbeitsgemeinschaft Rh\u00f6n w\u00e4hrend seiner letzten Tagung beschlossen.<\/p>\n<\/div>","protected":false},"author":1,"featured_media":0,"comment_status":"closed","ping_status":"closed","sticky":false,"template":"","format":"standard","meta":{"footnotes":""},"categories":[1,52],"tags":[],"class_list":["post-8145","post","type-post","status-publish","format-standard","hentry","category-startseite","category-umwelt"],"_links":{"self":[{"href":"https:\/\/www.fuldaernachrichten.de\/index.php?rest_route=\/wp\/v2\/posts\/8145","targetHints":{"allow":["GET"]}}],"collection":[{"href":"https:\/\/www.fuldaernachrichten.de\/index.php?rest_route=\/wp\/v2\/posts"}],"about":[{"href":"https:\/\/www.fuldaernachrichten.de\/index.php?rest_route=\/wp\/v2\/types\/post"}],"author":[{"embeddable":true,"href":"https:\/\/www.fuldaernachrichten.de\/index.php?rest_route=\/wp\/v2\/users\/1"}],"replies":[{"embeddable":true,"href":"https:\/\/www.fuldaernachrichten.de\/index.php?rest_route=%2Fwp%2Fv2%2Fcomments&post=8145"}],"version-history":[{"count":0,"href":"https:\/\/www.fuldaernachrichten.de\/index.php?rest_route=\/wp\/v2\/posts\/8145\/revisions"}],"wp:attachment":[{"href":"https:\/\/www.fuldaernachrichten.de\/index.php?rest_route=%2Fwp%2Fv2%2Fmedia&parent=8145"}],"wp:term":[{"taxonomy":"category","embeddable":true,"href":"https:\/\/www.fuldaernachrichten.de\/index.php?rest_route=%2Fwp%2Fv2%2Fcategories&post=8145"},{"taxonomy":"post_tag","embeddable":true,"href":"https:\/\/www.fuldaernachrichten.de\/index.php?rest_route=%2Fwp%2Fv2%2Ftags&post=8145"}],"curies":[{"name":"wp","href":"https:\/\/api.w.org\/{rel}","templated":true}]}}