{"id":81449,"date":"2011-01-25T00:05:19","date_gmt":"2011-01-25T00:05:19","guid":{"rendered":"http:\/\/www.fuldaer-nachrichten.de\/?p=81449"},"modified":"2011-01-25T11:57:40","modified_gmt":"2011-01-25T11:57:40","slug":"fit-durch-ernaehrung-und-bewegung-3-osthessischer-gesundheitstag-am-21-mai-in-der-esperantohalle","status":"publish","type":"post","link":"https:\/\/www.fuldaernachrichten.de\/?p=81449","title":{"rendered":"\u201eFit durch Ern\u00e4hrung und Bewegung\u201c \u2013 3. Osthessischer Gesundheitstag am 21. Mai in der Esperantohalle"},"content":{"rendered":"<p><img decoding=\"async\" class=\"alignnone size-thumbnail wp-image-81450\" title=\"110125_Gesundheitstag_a\" src=\"http:\/\/www.fuldaer-nachrichten.de\/wp-content\/uploads\/2011\/01\/110125_Gesundheitstag_a.jpg\" alt=\"\" width=\"560\" srcset=\"https:\/\/www.fuldaernachrichten.de\/wp-content\/uploads\/2011\/01\/110125_Gesundheitstag_a.jpg 567w, https:\/\/www.fuldaernachrichten.de\/wp-content\/uploads\/2011\/01\/110125_Gesundheitstag_a-265x176.jpg 265w\" sizes=\"(max-width: 567px) 100vw, 567px\" \/><\/p>\n<p>Fulda. Gesundheitsbewusste B\u00fcrgerinnen und B\u00fcrger sollten sich den 21. Mai 2011 vormerken. An diesem Tag findet der 3. Osthessische Gesundheitstag in Fulda statt. Der Tag steht unter der Schirmherrschaft von Sozialminister Stefan Gr\u00fcttner sowie Kultusministerin Dorothea Henzler und wird erneut von der Gesundheitsnetz Osthessen eG (GNO) organisiert. Die Organisatoren haben am Veranstaltungskonzept gefeilt und abermals ein attraktives Paket geschn\u00fcrt. Das Motto des diesj\u00e4hrigen Gesundheitstages lautet: \u201eFit durch Ern\u00e4hrung und Bewegung\u201c.<!--more--><\/p>\n<p>\u201eAn unsere Erfolge in 2008 und 2009 wollen wir nat\u00fcrlich ankn\u00fcpfen\u201c, sagt GNO-Gesch\u00e4ftsf\u00fchrerin Gabriele Bleul. \u201eDeshalb d\u00fcrfen sich die Besucher auf Altbew\u00e4hrtes, wie den Mix aus medizinischen Fachvortr\u00e4gen, Gesundheits-Checks oder Pr\u00e4sentationen, aber auch auf Neues freuen.\u201c Bew\u00e4hrt habe sich unter anderem die Esperantohalle. Mehr als 100 Aussteller &#8211; darunter Kliniken, Krankenkassen, Gesundheitsdienstleister oder Selbsthilfegruppen &#8211; werden dort im Mai ihre Dienstleistungen oder Produkte pr\u00e4sentieren. Um Jung und Alt gleicherma\u00dfen anzusprechen, wird die angrenzende Waideshalle erstmals Schauplatz eines ansprechenden Rahmenprogramms zum Thema \u201eBewegung\u201c sein.<\/p>\n<p><strong>Sportvereine der Region stellen sich vor<\/strong><\/p>\n<p>Verschiedene Sportvereine der Region werden sich in der Waideshalle vorstellen. Geplant sind zahlreiche Vorf\u00fchrungen, wie beispielsweise Karate, Judo oder Jiu Jitsu, bei denen man die Sportarten kennenlernen oder auch selbst einmal ausprobieren kann. So bietet der Bogen-Sport-Club Fulda ganzt\u00e4gig \u201eBogenschie\u00dfen f\u00fcr Jedermann\u201c an. Auch die Hochschule Fulda beteiligt sich mit einem Sinnesparcours, der die sensorischen F\u00e4higkeiten der j\u00fcngeren Besucher sch\u00e4rfen soll.<\/p>\n<p>Dass Tanzen weit mehr als Bewegung zur Musik sein kann, wollen die ortsans\u00e4ssigen Tanzvereine und Tanzschulen im Rahmen ihrer Auff\u00fchrungen verdeutlichen. \u201eVon Kindertanz \u00fcber HipHop und Salsa bis hin zu Lateinamerikanischen T\u00e4nzen oder einer Tanzreise durch Europa \u2013 s\u00e4mtliche Angebote sollen nicht nur zur guten Unterhaltung der Besucher beitragen, sondern Ansporn bieten, selbst k\u00f6rperlich aktiv zu werden\u201c, betont Bleul.<\/p>\n<p><strong>Schulwettbewerb gestartet \u2013 Schulen werden pr\u00e4miert<\/strong><\/p>\n<p>Dar\u00fcber hinaus haben das GNO und das Staatliche Schulamt im Herbst letzten Jahres einen Schulwettbewerb unter dem Motto \u201eSchule bewegen\u201c gestartet. Schulen aus Stadt und Landkreis Fulda konnten ihre bewegungsf\u00f6rderlichen Aktivit\u00e4ten, die au\u00dferhalb des Sportunterrichts stattfinden, beschreiben und beim GNO einreichen. \u201eBesonders erfolgreiche Projekte sollen im Rahmen des Gesundheitstages vorgestellt und pr\u00e4miert werden\u201c, erl\u00e4utert Bleul, die sich dar\u00fcber freuen w\u00fcrde, wenn noch ein paar heimische Unternehmen, den guten Zweck anerkennen und Preise zur Verf\u00fcgung stellen w\u00fcrden, damit auch jede engagierte Schule einen Preis mit nach Hause nehmen kann.<\/p>\n<p>\u201eZiel des Gesundheitstages ist es, die \u00d6ffentlichkeit f\u00fcr Gesundheitsfragen zu sensibilisieren und dazu zu motivieren, mehr f\u00fcr die eigene Gesundheit und das Wohlbefinden zu tun. Deshalb hoffe ich, dass wir den Besuchern beim 3. Gesundheitstag nicht nur wertvolle Informationen geben, sondern auch positive Impulse f\u00fcr richtige Ern\u00e4hrung und Bewegung setzen k\u00f6nnen\u201c, unterstreicht die Gesch\u00e4ftsf\u00fchrerin.<\/p>\n<p>Der 3. Osthessische Gesundheitstag beginnt am Samstag, dem 21. Mai 2011, um 10.00 Uhr und endet um 18.00 Uhr. Der Eintritt ist wie immer frei. F\u00fcr Kinder, die ihre Eltern begleiten, wird das Team des Vereins \u201eDie Wilde 15\u201c ein abwechslungsreiches Besch\u00e4ftigungsprogramm anbieten.<\/p>\n<p><strong>Weitere Informationen im Internet unter <a href=\"http:\/\/www.gesundheitsnetzosthessen.de\/\" target=\"_blank\">www.gesundheitsnetzosthessen.de<\/a><\/strong><\/p>\n<p><strong> <\/strong><\/p>\n","protected":false},"excerpt":{"rendered":"<div class=\"tmnf_excerpt\"><p>Fulda. Gesundheitsbewusste B\u00fcrgerinnen und B\u00fcrger sollten sich den 21. Mai 2011 vormerken. An diesem Tag findet der 3. Osthessische Gesundheitstag in Fulda statt. Der Tag steht unter der Schirmherrschaft von Sozialminister Stefan Gr\u00fcttner sowie Kultusministerin Dorothea Henzler und wird erneut von der Gesundheitsnetz Osthessen eG (GNO) organisiert. Die Organisatoren haben am Veranstaltungskonzept gefeilt und abermals &hellip;<\/p>\n<\/div>","protected":false},"author":1,"featured_media":0,"comment_status":"closed","ping_status":"closed","sticky":false,"template":"","format":"standard","meta":{"footnotes":""},"categories":[1,51,78],"tags":[],"class_list":["post-81449","post","type-post","status-publish","format-standard","hentry","category-startseite","category-medizin","category-topthema"],"_links":{"self":[{"href":"https:\/\/www.fuldaernachrichten.de\/index.php?rest_route=\/wp\/v2\/posts\/81449","targetHints":{"allow":["GET"]}}],"collection":[{"href":"https:\/\/www.fuldaernachrichten.de\/index.php?rest_route=\/wp\/v2\/posts"}],"about":[{"href":"https:\/\/www.fuldaernachrichten.de\/index.php?rest_route=\/wp\/v2\/types\/post"}],"author":[{"embeddable":true,"href":"https:\/\/www.fuldaernachrichten.de\/index.php?rest_route=\/wp\/v2\/users\/1"}],"replies":[{"embeddable":true,"href":"https:\/\/www.fuldaernachrichten.de\/index.php?rest_route=%2Fwp%2Fv2%2Fcomments&post=81449"}],"version-history":[{"count":1,"href":"https:\/\/www.fuldaernachrichten.de\/index.php?rest_route=\/wp\/v2\/posts\/81449\/revisions"}],"predecessor-version":[{"id":81451,"href":"https:\/\/www.fuldaernachrichten.de\/index.php?rest_route=\/wp\/v2\/posts\/81449\/revisions\/81451"}],"wp:attachment":[{"href":"https:\/\/www.fuldaernachrichten.de\/index.php?rest_route=%2Fwp%2Fv2%2Fmedia&parent=81449"}],"wp:term":[{"taxonomy":"category","embeddable":true,"href":"https:\/\/www.fuldaernachrichten.de\/index.php?rest_route=%2Fwp%2Fv2%2Fcategories&post=81449"},{"taxonomy":"post_tag","embeddable":true,"href":"https:\/\/www.fuldaernachrichten.de\/index.php?rest_route=%2Fwp%2Fv2%2Ftags&post=81449"}],"curies":[{"name":"wp","href":"https:\/\/api.w.org\/{rel}","templated":true}]}}