{"id":8144,"date":"2008-03-07T00:47:05","date_gmt":"2008-03-06T23:47:05","guid":{"rendered":"http:\/\/www.schoene-nachrichten.de\/?p=8144"},"modified":"2008-03-07T00:47:05","modified_gmt":"2008-03-06T23:47:05","slug":"ausstellung-zum-80-geburtstag-von-gudrun-pausewang","status":"publish","type":"post","link":"https:\/\/www.fuldaernachrichten.de\/?p=8144","title":{"rendered":"Ausstellung zum 80. Geburtstag von Gudrun Pausewang"},"content":{"rendered":"<p><strong>Termin.<\/strong> Unter Gudrun Pausewangs Motto \u201eWeg vom Ich \u2013 hin zum Wir\u201c pr\u00e4sentiert die Hochschul- und Landesbibliothek am Heinrich-von-Bibra-Platz noch bis zum 28. M\u00e4rz 2008 eine Ausstellung zu ihrem 80. Geburtstag. Die international bekannte Schriftstellerin, die sich besonders als Kinder- und Jugendbuchautorin einen Namen machte, und mehrfach ausgezeichnet wurde (1988 erhielt Sie den Deutschen Jugendliteraturpreis f\u00fcr ihr Werk \u201eDie Wolke\u201c; 1999 das Bundesverdienstkreuz), hielt in den vergangenen Jahren schon mehrfach Lesungen in der Hochschul- und Landesbibliothek. Zur Ausstellung ist eine kleine Brosch\u00fcre erh\u00e4ltlich, in der die im Bestand der HLB von ihr und \u00fcber sie und ihr Werk vorhandenen B\u00fccher aufgef\u00fchrt werden.<\/p>\n","protected":false},"excerpt":{"rendered":"<div class=\"tmnf_excerpt\"><p>Termin. Unter Gudrun Pausewangs Motto \u201eWeg vom Ich \u2013 hin zum Wir\u201c pr\u00e4sentiert die Hochschul- und Landesbibliothek am Heinrich-von-Bibra-Platz noch bis zum 28. M\u00e4rz 2008 eine Ausstellung zu ihrem 80. Geburtstag. Die international bekannte Schriftstellerin, die sich besonders als Kinder- und Jugendbuchautorin einen Namen machte, und mehrfach ausgezeichnet wurde (1988 erhielt Sie den Deutschen Jugendliteraturpreis &hellip;<\/p>\n<\/div>","protected":false},"author":1,"featured_media":0,"comment_status":"closed","ping_status":"closed","sticky":false,"template":"","format":"standard","meta":{"footnotes":""},"categories":[1,44],"tags":[],"class_list":["post-8144","post","type-post","status-publish","format-standard","hentry","category-startseite","category-kultur"],"_links":{"self":[{"href":"https:\/\/www.fuldaernachrichten.de\/index.php?rest_route=\/wp\/v2\/posts\/8144","targetHints":{"allow":["GET"]}}],"collection":[{"href":"https:\/\/www.fuldaernachrichten.de\/index.php?rest_route=\/wp\/v2\/posts"}],"about":[{"href":"https:\/\/www.fuldaernachrichten.de\/index.php?rest_route=\/wp\/v2\/types\/post"}],"author":[{"embeddable":true,"href":"https:\/\/www.fuldaernachrichten.de\/index.php?rest_route=\/wp\/v2\/users\/1"}],"replies":[{"embeddable":true,"href":"https:\/\/www.fuldaernachrichten.de\/index.php?rest_route=%2Fwp%2Fv2%2Fcomments&post=8144"}],"version-history":[{"count":0,"href":"https:\/\/www.fuldaernachrichten.de\/index.php?rest_route=\/wp\/v2\/posts\/8144\/revisions"}],"wp:attachment":[{"href":"https:\/\/www.fuldaernachrichten.de\/index.php?rest_route=%2Fwp%2Fv2%2Fmedia&parent=8144"}],"wp:term":[{"taxonomy":"category","embeddable":true,"href":"https:\/\/www.fuldaernachrichten.de\/index.php?rest_route=%2Fwp%2Fv2%2Fcategories&post=8144"},{"taxonomy":"post_tag","embeddable":true,"href":"https:\/\/www.fuldaernachrichten.de\/index.php?rest_route=%2Fwp%2Fv2%2Ftags&post=8144"}],"curies":[{"name":"wp","href":"https:\/\/api.w.org\/{rel}","templated":true}]}}