{"id":8137,"date":"2008-03-07T00:15:30","date_gmt":"2008-03-06T23:15:30","guid":{"rendered":"http:\/\/www.schoene-nachrichten.de\/?p=8137"},"modified":"2008-03-06T21:29:58","modified_gmt":"2008-03-06T20:29:58","slug":"oekumenischer-weltgebetstag-der-frauen-in-fulda","status":"publish","type":"post","link":"https:\/\/www.fuldaernachrichten.de\/?p=8137","title":{"rendered":"\u00d6kumenischer Weltgebetstag der Frauen in Fulda"},"content":{"rendered":"<p><strong>Fulda.<\/strong> Christinnen aller Konfessionen laden am heutigen Freitag, dem 7. M\u00e4rz wieder zu Gottesdiensten und Veranstaltungen des Weltgebetstags der Frauen ein. Das Land, dessen Liturgie in 2008 gefeiert wird, ist Guyana im Norden des s\u00fcdamerikanischen Kontinents. <!--more--><\/p>\n<p>Es steht vor gro\u00dfen wirtschaftlichen, politischen sowie sozialen Herausforderungen, wie zum Beispiel der Unterst\u00fctzung von Aidskranken und der Eind\u00e4mmung von Gewalt. Der Prophet Hiob soll Kraftquelle in manchen N\u00f6ten sein: \u201eSiehe, die Furcht des Herrn, das ist Weisheit, und meiden das B\u00f6se, das ist Einsicht!\u201c (Hiob 28,28) Im einzelnen finden in Fuldaer Kirchen folgende Veranstaltungen statt, vielfach wird anschlie\u00dfend noch zum gemeinsamen Zusammenkommen mit Speisen aus der s\u00fcdamerikanischen Region eingeladen.<\/p>\n","protected":false},"excerpt":{"rendered":"<div class=\"tmnf_excerpt\"><p>Fulda. Christinnen aller Konfessionen laden am heutigen Freitag, dem 7. M\u00e4rz wieder zu Gottesdiensten und Veranstaltungen des Weltgebetstags der Frauen ein. Das Land, dessen Liturgie in 2008 gefeiert wird, ist Guyana im Norden des s\u00fcdamerikanischen Kontinents.<\/p>\n<\/div>","protected":false},"author":1,"featured_media":0,"comment_status":"closed","ping_status":"closed","sticky":false,"template":"","format":"standard","meta":{"footnotes":""},"categories":[1,50],"tags":[],"class_list":["post-8137","post","type-post","status-publish","format-standard","hentry","category-startseite","category-kirche"],"_links":{"self":[{"href":"https:\/\/www.fuldaernachrichten.de\/index.php?rest_route=\/wp\/v2\/posts\/8137","targetHints":{"allow":["GET"]}}],"collection":[{"href":"https:\/\/www.fuldaernachrichten.de\/index.php?rest_route=\/wp\/v2\/posts"}],"about":[{"href":"https:\/\/www.fuldaernachrichten.de\/index.php?rest_route=\/wp\/v2\/types\/post"}],"author":[{"embeddable":true,"href":"https:\/\/www.fuldaernachrichten.de\/index.php?rest_route=\/wp\/v2\/users\/1"}],"replies":[{"embeddable":true,"href":"https:\/\/www.fuldaernachrichten.de\/index.php?rest_route=%2Fwp%2Fv2%2Fcomments&post=8137"}],"version-history":[{"count":0,"href":"https:\/\/www.fuldaernachrichten.de\/index.php?rest_route=\/wp\/v2\/posts\/8137\/revisions"}],"wp:attachment":[{"href":"https:\/\/www.fuldaernachrichten.de\/index.php?rest_route=%2Fwp%2Fv2%2Fmedia&parent=8137"}],"wp:term":[{"taxonomy":"category","embeddable":true,"href":"https:\/\/www.fuldaernachrichten.de\/index.php?rest_route=%2Fwp%2Fv2%2Fcategories&post=8137"},{"taxonomy":"post_tag","embeddable":true,"href":"https:\/\/www.fuldaernachrichten.de\/index.php?rest_route=%2Fwp%2Fv2%2Ftags&post=8137"}],"curies":[{"name":"wp","href":"https:\/\/api.w.org\/{rel}","templated":true}]}}