{"id":81341,"date":"2011-01-24T09:28:15","date_gmt":"2011-01-24T09:28:15","guid":{"rendered":"http:\/\/www.fuldaer-nachrichten.de\/?p=81341"},"modified":"2011-01-24T09:28:15","modified_gmt":"2011-01-24T09:28:15","slug":"neue-kindertagesstaette-kinderarche-kunterbunt-in-bimbach-eingeweiht","status":"publish","type":"post","link":"https:\/\/www.fuldaernachrichten.de\/?p=81341","title":{"rendered":"Neue Kindertagesst\u00e4tte Kinderarche Kunterbunt in Bimbach eingeweiht"},"content":{"rendered":"<p><strong><a href=\"http:\/\/www.fuldaer-nachrichten.de\/wp-content\/uploads\/2011\/01\/110124_Kita.jpg\"><img decoding=\"async\" class=\"alignleft size-thumbnail wp-image-81342\" title=\"110124_Kita\" src=\"http:\/\/www.fuldaer-nachrichten.de\/wp-content\/uploads\/2011\/01\/110124_Kita-265x175.jpg\" alt=\"\" width=\"265\" height=\"175\" srcset=\"https:\/\/www.fuldaernachrichten.de\/wp-content\/uploads\/2011\/01\/110124_Kita-265x175.jpg 265w, https:\/\/www.fuldaernachrichten.de\/wp-content\/uploads\/2011\/01\/110124_Kita.jpg 592w\" sizes=\"(max-width: 265px) 100vw, 265px\" \/><\/a>Bimbach. <\/strong>Nach nur 10monatiger Bauzeit konnte jetzt der Neubau der Kindertagesst\u00e4tte Kinderarche Kunterbunt in Bimbach eingeweiht werden. B\u00fcrgermeister Werner Dietrich begr\u00fc\u00dfte zahlreiche G\u00e4ste und allen voran die neuen Bewohner der Einrichtung, die Bimbacher Kinder. Mit dem neuen \u201eHaus der Kinder\u201c erfahre der Lebensort Bimbach \u201eein mehr an Angebot und Attraktivit\u00e4t\u201c. Ein R\u00fcckblick der kurzen aber erfolgreichen Bauzeit zeigte die gro\u00dfartige Leistung aller Beteiligten, des Architekturb\u00fcro M\u00f6ller und Vey, des Bauamtsleiters Dieter Derbort sowie aller Bau ausf\u00fchrenden Firmen, Planern und Handwerkern.<!--more--><\/p>\n<p>Bemerkenswert sei auch der Ort, an dem die neue Einrichtung entstanden ist, in unmittelbarer N\u00e4he zur Kirche, im Ortsmittelpunkt von Bimbach. Ein besonderer Dank sprach Dietrich der Kirchengemeinde Bimbach und dem Bistum Fulda aus, die dieses Grundst\u00fcck zum Preis von 1 \u00e2\u201a\u00ac zur Verf\u00fcgung gestellt und damit den Weg f\u00fcr den Neubau geebnet haben. Auch die Einhaltung der festgeschriebenen Baukosten von 1 Mio \u00e2\u201a\u00ac waren ausschlaggebend f\u00fcr die Umsetzung. Die Architekten h\u00e4tten in vorbildlicher Weise daf\u00fcr gesorgt, sodass der Rahmen sogar unterschritten werden konnte.<\/p>\n<p>Ein Blick auf die Finanzierung des Neubaus zeige, dass der Eigenanteil der Gemeinde Gro\u00dfenl\u00fcder ca. 300.000 \u00e2\u201a\u00ac betrage, 14.700 \u00e2\u201a\u00ac trage der Landkreis Fulda, 75.000 \u00e2\u201a\u00ac aus dem Programm Kinderbetreuungsfinanzierung f\u00fcr neue unter Dreij\u00e4hrige Kita-Pl\u00e4tze, sowie 620.085 \u00e2\u201a\u00ac aus dem Konjunkturprogramm des Landes Hessen. Neue Schulden m\u00fcssen nicht geschultert werden, da bereits geplante Vorhaben zugunsten der Kindertagesst\u00e4tte eingesetzt werden.<\/p>\n<p>Den Kindern steht jetzt eine 3-z\u00fcgige Kindertagesst\u00e4tte mit altersgemischter Gruppe, auf einem 2000 m\u00c2\u00b2 gro\u00dfen Grundst\u00fcck, mit Mehrzweckraum, 3 Gruppen- und 2 Therapier\u00e4umen, Personal- und Leiterin-B\u00fcro, einem gro\u00dfz\u00fcgigen Hallenbereich sowie Neben- und Funktionsr\u00e4umen, zur Verf\u00fcgung &#8211; alles in allem 480 m\u00c2\u00b2 Gesamtnutzfl\u00e4che. \u201eDieses Haus der Kinder wurde zusammen mit den Kindern und unter st\u00e4ndiger Begleitung der Kinder erbaut\u201c, so Dietrich.<\/p>\n<p>Sein Dank galt auch der K\u00fcnstlerin Frau Dohrmann, die gemeinsam mit den Kindern, den Erzieherinnen und Herrn Hubert Otterbein ein Kunstwerk \u201eBlumenwiese\u201c im Flur der Einrichtung gestaltet hat. Besondere Unterst\u00fctzung leisteten die Eltern und Erzieherinnen w\u00e4hrend der gesamten Bauphase sowie verschiedene ortsans\u00e4ssige Vereine mit Spenden. \u201eWenn Kinder spielen, toben, schreien, laut lachen, dann ist das Zukunftsmusik\u00e2\u20ac\u00a6 eine Musik, die wir gerne h\u00f6ren und noch lange h\u00f6ren wollen und sollen\u201c, betonte Dietrich, mit dem Einzug der Kinder sei Leben in das Bauwerk eingezogen.<\/p>\n<p>Der Architekt des neuen Geb\u00e4udes Fred Vey, vom Architekturb\u00fcro M\u00f6ller und Vey aus Bimbach hob die Besonderheit eines solchen Projektes hervor. Wichtig dabei sei es \u201esich mit dem Kind als Nutzer des Geb\u00e4udes auseinander zu setzen.\u201c Der neue Kindergarten verf\u00fcge \u00fcber viel Licht und Transparenz, mit seinen klaren Strukturen helfe er den Kindern sich leicht zu Recht zu finden. Auch er dankte allen Beteiligten f\u00fcr die gute Zusammenarbeit und den reibungslosen Ablauf.<\/p>\n<p>\u201eUnsere Kinder haben einen ganz besonderen Bezug zur neuen Einrichtung\u201c, betonte die Leiterin Angelika Mihm. Sie seien mit dem Projekt \u201eWir bauen unsere Kita\u201c durch den B\u00fcrgermeister von Anfang an mit einbezogen worden. Sie hofft, dass das von ihnen gestaltete Kunstprojekt, das die Kinder immer wieder mit gro\u00dfem Stolz betrachten, sie an eine sch\u00f6ne Kindergartenzeit erinnert. \u201eHier soll ein Haus zum Spielen, Wohlf\u00fchlen und Lernen entstehen.\u201c<\/p>\n<p>Nach der Segnung der neuen R\u00e4umlichkeiten durch Dechant G\u00fcnther und Pfarrer Schulte gratulierten weitere G\u00e4ste: Robert M\u00fcnker f\u00fcr den Landkreis Fulda, Heike M\u00fcnker Elternbeirat der Einrichtung, Frau J\u00f6rges vom Caritasverband und Ortsvorsteher Engelbert Jest\u00e4dt. Der Motorsportclub Fulda und die Fa. Gerhard D\u00f6ppner aus Bimbach \u00fcbergaben jeweils einen Spendenscheck.<\/p>\n<p>Auch die Kinder hatten zur Feier des Tages ein tolles Rahmenprogramm vorbereitet, Lieder und ein R\u00fcckblick \u201eVon der Planung bis zur Fertigstellung der Kindertagesst\u00e4tte\u201c zeigten, dass sie den Neubau immer begleitet haben und ganz nah am Geschehen waren. Zum Abschluss der Veranstaltung \u00fcbergab Architekt Vey den Schl\u00fcssel an den Bauherrn B\u00fcrgermeister Dietrich, der ihn an alle Kinder der Einrichtung weitergab. Musikalisch umrahmt wurde die Einweihungsfeier durch die Musikschule Ebert.<\/p>\n","protected":false},"excerpt":{"rendered":"<div class=\"tmnf_excerpt\"><p>Bimbach. Nach nur 10monatiger Bauzeit konnte jetzt der Neubau der Kindertagesst\u00e4tte Kinderarche Kunterbunt in Bimbach eingeweiht werden. B\u00fcrgermeister Werner Dietrich begr\u00fc\u00dfte zahlreiche G\u00e4ste und allen voran die neuen Bewohner der Einrichtung, die Bimbacher Kinder. Mit dem neuen \u201eHaus der Kinder\u201c erfahre der Lebensort Bimbach \u201eein mehr an Angebot und Attraktivit\u00e4t\u201c. Ein R\u00fcckblick der kurzen aber &hellip;<\/p>\n<\/div>","protected":false},"author":1,"featured_media":0,"comment_status":"closed","ping_status":"closed","sticky":false,"template":"","format":"standard","meta":{"footnotes":""},"categories":[1],"tags":[],"class_list":["post-81341","post","type-post","status-publish","format-standard","hentry","category-startseite"],"_links":{"self":[{"href":"https:\/\/www.fuldaernachrichten.de\/index.php?rest_route=\/wp\/v2\/posts\/81341","targetHints":{"allow":["GET"]}}],"collection":[{"href":"https:\/\/www.fuldaernachrichten.de\/index.php?rest_route=\/wp\/v2\/posts"}],"about":[{"href":"https:\/\/www.fuldaernachrichten.de\/index.php?rest_route=\/wp\/v2\/types\/post"}],"author":[{"embeddable":true,"href":"https:\/\/www.fuldaernachrichten.de\/index.php?rest_route=\/wp\/v2\/users\/1"}],"replies":[{"embeddable":true,"href":"https:\/\/www.fuldaernachrichten.de\/index.php?rest_route=%2Fwp%2Fv2%2Fcomments&post=81341"}],"version-history":[{"count":2,"href":"https:\/\/www.fuldaernachrichten.de\/index.php?rest_route=\/wp\/v2\/posts\/81341\/revisions"}],"predecessor-version":[{"id":81368,"href":"https:\/\/www.fuldaernachrichten.de\/index.php?rest_route=\/wp\/v2\/posts\/81341\/revisions\/81368"}],"wp:attachment":[{"href":"https:\/\/www.fuldaernachrichten.de\/index.php?rest_route=%2Fwp%2Fv2%2Fmedia&parent=81341"}],"wp:term":[{"taxonomy":"category","embeddable":true,"href":"https:\/\/www.fuldaernachrichten.de\/index.php?rest_route=%2Fwp%2Fv2%2Fcategories&post=81341"},{"taxonomy":"post_tag","embeddable":true,"href":"https:\/\/www.fuldaernachrichten.de\/index.php?rest_route=%2Fwp%2Fv2%2Ftags&post=81341"}],"curies":[{"name":"wp","href":"https:\/\/api.w.org\/{rel}","templated":true}]}}