{"id":81337,"date":"2011-01-24T00:57:03","date_gmt":"2011-01-24T00:57:03","guid":{"rendered":"http:\/\/www.fuldaer-nachrichten.de\/?p=81337"},"modified":"2011-01-24T08:57:40","modified_gmt":"2011-01-24T08:57:40","slug":"bauarbeiten-an-lichtbergschule-abgeschlossen-insgesamt-ueber-54-millionen-euro-investiert","status":"publish","type":"post","link":"https:\/\/www.fuldaernachrichten.de\/?p=81337","title":{"rendered":"Bauarbeiten an Lichtbergschule abgeschlossen &#8211; insgesamt \u00fcber 5,4 Millionen Euro investiert"},"content":{"rendered":"<p><strong><a href=\"http:\/\/www.fuldaer-nachrichten.de\/wp-content\/uploads\/2011\/01\/110124_Erweiterung.jpg\"><img fetchpriority=\"high\" decoding=\"async\" class=\"alignleft size-thumbnail wp-image-81355\" title=\"110124_Erweiterung\" src=\"http:\/\/www.fuldaer-nachrichten.de\/wp-content\/uploads\/2011\/01\/110124_Erweiterung-265x239.jpg\" alt=\"\" width=\"265\" height=\"239\" srcset=\"https:\/\/www.fuldaernachrichten.de\/wp-content\/uploads\/2011\/01\/110124_Erweiterung-265x239.jpg 265w, https:\/\/www.fuldaernachrichten.de\/wp-content\/uploads\/2011\/01\/110124_Erweiterung.jpg 592w\" sizes=\"(max-width: 265px) 100vw, 265px\" \/><\/a>Eiterfeld. <\/strong>Ein klares Bekenntnis zum Schulstandort Eiterfeld hat Fuldas Landrat Bernd Woide (CDU) am Freitagmittag abgelegt: W\u00e4hrend der Einweihung der erweiterten Sporthalle, der naturwissenschaftlichen R\u00e4ume, des Verwaltungstraktes und der neuen Caf\u00e9teria der Lichtbergschule sagte der Kreischef: \u201eDamit hat der Landkreis Fulda als Schultr\u00e4ger Zukunftszeichen gesetzt. Es wurde nicht lange gez\u00f6gert, diese Investitionen auf den Weg zu bringen.\u201c<!--more--><\/p>\n<p>Bund und Land h\u00e4tten dank der Konjunkturpakete das \u00dcbrige dazu beigetragen, dass die Ma\u00dfnahmen mit einem Gesamtvolumen von 5,424 Millionen Euro realisiert werden konnten. Hinzu kommen eine Million Euro, die das Land Hessen f\u00fcr die Erweiterung beziehungsweise den Anbau von acht Klassenr\u00e4umen in der benachbarten Grundschule beigesteuert hatte. \u201eWir glauben an den Schulstandort Eiterfeld\u201c, betonte Woide und f\u00fcgte hinzu: \u201eDie Lichtbergschule ist gut aufgestellt, das p\u00e4dagogische Konzept steht, alle ziehen an einem Strang.\u201c<\/p>\n<p>Die Investitionen seien freilich noch nicht beendet, denn aus Mitteln des Landkreises werde 2011 noch die Mediothek finanziert. W\u00f6rtlich betonte er: \u201eDer Landkreis steht zur Lichtbergschule, die sich auch in Zukunft fortentwickeln soll\u201c, und dankte besonders dem Kreistag mit seinem ebenfalls anwesenden Vorsitzenden Franz Rupprecht und dem Kreisausschuss f\u00fcr deren Unterst\u00fctzung. Schulische Themen seien in diesen Gremien stets \u201emit gro\u00dfem Konsens besetzt\u201c.<\/p>\n<p>Sowohl der Landrat als auch der verantwortliche Architekt Stephan M\u00f6ller (Petersberg-Steinau) wiesen darauf hin, dass die einzelnen Gewerke vornehmlich von Unternehmen aus der Region ausgef\u00fchrt wurden \u2013 laut Woide ist damit \u201eeine regionale Wertsch\u00f6pfungskette in Gang gesetzt worden\u201c. M\u00f6ller dankte besonders dem Geb\u00e4udemanagement des Landkreises \u2013 J\u00fcrgen Obermeier und Norbert Gr\u00f6sch \u2013 f\u00fcr die konstruktive Zusammenarbeit. Baubeginn war Anfang Juli 2009 gewesen, bereits am 24. September 2009 hatte Richtfest gefeiert werden k\u00f6nnen. F\u00fcr den Sportunterricht stehen nach dem An- und Umbau nun etwa 500 Quadratmeter neue sowie rund 1.000 Quadratmeter sanierte Altfl\u00e4chen zur Verf\u00fcgung.<\/p>\n<p>Aus der ehemaligen Zwei-Felder-Halle ist eine Drei-Felder-Halle entstanden, \u00c2\u00a0zudem wurden neue Umkleide- und Sanit\u00e4rr\u00e4ume angebaut. Gleiches gilt f\u00fcr die gesamten Fenster, den Sonnenschutz und die Fassadend\u00e4mmung. Architekt M\u00f6ller nahm auch zu \u00dcberlegungen und W\u00fcnschen von Vereinen Stellung, die Halle zu verbreitern: Daf\u00fcr h\u00e4tte die bestehende Trib\u00fcne abgerissen werden m\u00fcssen, wobei man von Mehrkosten von rund 500.000 Euro h\u00e4tte ausgehen m\u00fcssen.<\/p>\n<p>Erweitert werden mussten zugleich die bislang viel zu kleinen R\u00e4ume f\u00fcr den Physik- und Chemieunterricht; zudem wurde deren veraltete Einrichtung auf den neuesten Stand gebracht. Dies betrifft auch die Verwaltung und das Lehrerzimmer der kooperativen Gesamtschule, f\u00fcr deren Ganztagsangebot ein 100 Quadratmeter gro\u00dfer Speiseraum, eine Ausgabetheke sowie eine Sp\u00fcl- und Lehrk\u00fcche installiert wurden.<\/p>\n<p>Bevor Architekt M\u00f6ller den Schl\u00fcssel an Landrat Woide und Schulleiter Helmuth Herbst \u00fcberreichte, hatte er noch ein spezielles Geschenk parat: eine aufklappbare Wickelstation f\u00fcr Kleinkinder. Da n\u00e4mlich in der Sporthalle auch musikalische Veranstaltungen und au\u00dferschulische Sportereignisse stattfinden, k\u00f6nne es sein, dass dann Babys versorgt werden m\u00fcssten.<\/p>\n<p>Schulleiter Herbst hatte w\u00e4hrend seiner Begr\u00fc\u00dfung allen an den baulichen Ma\u00dfnahmen Beteiligten f\u00fcr die gute Zusammenarbeit gedankt und besonders Felix Gaul von der Schulverwaltung des Landkreises hervorgehoben, der stets ein offenes Ohr f\u00fcr schulische Belange habe. Ihn freute es sehr, dass mit Friedhelm Bott und Gerald Bagus auch die fr\u00fchere Schulleitung gekommen war, die zu Beginn an den Planungen mitgewirkt hatte.<\/p>\n<p>Leitender Schulamtsdirektor Wolfgang Kremer unterstrich, angesichts steigender Sch\u00fclerzahlen m\u00fcsse einem um die Zukunft der Lichtbergschule nicht bange sein. Vor dem Hintergrund, dass das vielfach ausgezeichnete Schulorchester unter Stabf\u00fchrung von Winfried M\u00f6ller die Feierstunde umrahmte, betonte er: \u201eEs ist toll, was an dieser Schule gerade auch im musischen Bereich geleistet wird.\u201c Kremer w\u00fcrdigte das finanzielle Engagement des Landkreises und den Einsatz der Verantwortlichen, bei Bund und Land Gelder abzurufen. \u201eDie Schulen in unserer Region sind alle vorbildlich ausgestattet\u201c, unterstrich er und nannte als weiteren Vorteil die starke Vernetzung: \u201eHier ziehen alle an einem Strang.\u201c<\/p>\n<p>Vor der \u00f6kumenischen Weihe der erweiterten R\u00e4umlichkeiten durch Pfarrer Sebastian Bl\u00fcmel und Pfarrer Harald Kr\u00fcger zeigte sich der Eiterfelder B\u00fcrgermeister Hermann-Josef Scheich \u201efroh, stolz und dankbar\u201c \u00fcber die baulichen Ma\u00dfnahmen. Mit der Erweiterung der Halle sei eine 15 Jahre alte Forderung der gemeindlichen Gremien erf\u00fcllt worden, denn schlie\u00dflich seien in der Marktgemeinde zehn Vereine mit vielen Gruppen beheimatet. Dank sagte Scheich dem Landrat f\u00fcr dessen eindeutiges Bekenntnis, die Zukunft des Schulstandortes Eiterfeld betreffend. \u201eUnsere Schulen haben einen hervorragenden Ruf. Die Investitionen bedeuten eine Wertsch\u00e4tzung f\u00fcr das, was hier geleistet wird.\u201c<\/p>\n<p><!-- @font-face {   font-family: \"Arial\"; }p.MsoNormal, li.MsoNormal, div.MsoNormal { margin: 0cm 0cm 0.0001pt; line-height: 150%; font-size: 11pt; font-family: Arial; }div.Section1 { page: Section1; } --> Foto: Burkhardt<\/p>\n","protected":false},"excerpt":{"rendered":"<div class=\"tmnf_excerpt\"><p>Eiterfeld. Ein klares Bekenntnis zum Schulstandort Eiterfeld hat Fuldas Landrat Bernd Woide (CDU) am Freitagmittag abgelegt: W\u00e4hrend der Einweihung der erweiterten Sporthalle, der naturwissenschaftlichen R\u00e4ume, des Verwaltungstraktes und der neuen Caf\u00e9teria der Lichtbergschule sagte der Kreischef: \u201eDamit hat der Landkreis Fulda als Schultr\u00e4ger Zukunftszeichen gesetzt. Es wurde nicht lange gez\u00f6gert, diese Investitionen auf den Weg &hellip;<\/p>\n<\/div>","protected":false},"author":1,"featured_media":0,"comment_status":"closed","ping_status":"closed","sticky":false,"template":"","format":"standard","meta":{"footnotes":""},"categories":[1],"tags":[],"class_list":["post-81337","post","type-post","status-publish","format-standard","hentry","category-startseite"],"_links":{"self":[{"href":"https:\/\/www.fuldaernachrichten.de\/index.php?rest_route=\/wp\/v2\/posts\/81337","targetHints":{"allow":["GET"]}}],"collection":[{"href":"https:\/\/www.fuldaernachrichten.de\/index.php?rest_route=\/wp\/v2\/posts"}],"about":[{"href":"https:\/\/www.fuldaernachrichten.de\/index.php?rest_route=\/wp\/v2\/types\/post"}],"author":[{"embeddable":true,"href":"https:\/\/www.fuldaernachrichten.de\/index.php?rest_route=\/wp\/v2\/users\/1"}],"replies":[{"embeddable":true,"href":"https:\/\/www.fuldaernachrichten.de\/index.php?rest_route=%2Fwp%2Fv2%2Fcomments&post=81337"}],"version-history":[{"count":3,"href":"https:\/\/www.fuldaernachrichten.de\/index.php?rest_route=\/wp\/v2\/posts\/81337\/revisions"}],"predecessor-version":[{"id":81363,"href":"https:\/\/www.fuldaernachrichten.de\/index.php?rest_route=\/wp\/v2\/posts\/81337\/revisions\/81363"}],"wp:attachment":[{"href":"https:\/\/www.fuldaernachrichten.de\/index.php?rest_route=%2Fwp%2Fv2%2Fmedia&parent=81337"}],"wp:term":[{"taxonomy":"category","embeddable":true,"href":"https:\/\/www.fuldaernachrichten.de\/index.php?rest_route=%2Fwp%2Fv2%2Fcategories&post=81337"},{"taxonomy":"post_tag","embeddable":true,"href":"https:\/\/www.fuldaernachrichten.de\/index.php?rest_route=%2Fwp%2Fv2%2Ftags&post=81337"}],"curies":[{"name":"wp","href":"https:\/\/api.w.org\/{rel}","templated":true}]}}