{"id":81302,"date":"2011-01-23T00:47:07","date_gmt":"2011-01-23T00:47:07","guid":{"rendered":"http:\/\/www.fuldaer-nachrichten.de\/?p=81302"},"modified":"2011-01-23T06:47:36","modified_gmt":"2011-01-23T06:47:36","slug":"traeger-der-ausserschulischen-jugendbildungsarbeit-wollen-zusammenarbeit-fortsetzen","status":"publish","type":"post","link":"https:\/\/www.fuldaernachrichten.de\/?p=81302","title":{"rendered":"Tr\u00e4ger der au\u00dferschulischen Jugendbildungsarbeit wollen Zusammenarbeit fortsetzen"},"content":{"rendered":"<p><strong>Fulda. <\/strong>Die sogenannten sonstigen Tr\u00e4ger der au\u00dferschulischen Jugendbildungsarbeit in Hessen, Bildungsst\u00e4tte Alte Schule Anspach-basa e.V., Bonifatiushaus Fulda, bsj e.V. Marburg, Haus am Maiberg Heppenheim, Internationaler Bund Frankfurt, Institut f\u00fcr Medienp\u00e4dagogik und Kommunikation \u2013 Dreieich, Jugendbildungsst\u00e4tte Ludwigstein gGmbH, und die Landesarbeitsgemeinschaft Soziale Brennpunkte Hessen trafen sich  zu ihrem ersten Jahrestreffen. <!--more-->Die an acht Orten in ganz Hessen stattfindende vom Land Hessen gef\u00f6rderte Jugendbildungsarbeit soll weiter ausgebaut werden. Die Tr\u00e4ger wollen ihre Zusammenarbeit, die letztes Jahr mit einer Brosch\u00fcre und einer Fachtagung in Heppenheim erfolgreich verlief, verst\u00e4rkt fortf\u00fchren.<\/p>\n<p>Eltern und Schule d\u00fcrfen in der politischen Jugendbildung nicht alleine gelassen werden. Ihre bisherige Arbeit und zuk\u00fcnftige Angebote f\u00fcr junge Menschen in Hessen werden sie am 03.03.2011 im Rahmen eines parlamentarischen Abends im Hessischen Landtag vorstellen. Weitere Information und die Brosch\u00fcre gibt es bei dem Bonifatiushaus, Neuenberger Str. 3-5, 36041 Fulda,; telefonisch: 0661-8398114 oder per mail: <a href=\"mailto:info@bonifatiushaus.de\">info@bonifatiushaus.de<\/a>, <a href=\"http:\/\/www.bonifatiushaus.de\">www.bonifatiushaus.de<\/a><\/p>\n","protected":false},"excerpt":{"rendered":"<div class=\"tmnf_excerpt\"><p>Fulda. Die sogenannten sonstigen Tr\u00e4ger der au\u00dferschulischen Jugendbildungsarbeit in Hessen, Bildungsst\u00e4tte Alte Schule Anspach-basa e.V., Bonifatiushaus Fulda, bsj e.V. Marburg, Haus am Maiberg Heppenheim, Internationaler Bund Frankfurt, Institut f\u00fcr Medienp\u00e4dagogik und Kommunikation \u2013 Dreieich, Jugendbildungsst\u00e4tte Ludwigstein gGmbH, und die Landesarbeitsgemeinschaft Soziale Brennpunkte Hessen trafen sich zu ihrem ersten Jahrestreffen.<\/p>\n<\/div>","protected":false},"author":1,"featured_media":0,"comment_status":"closed","ping_status":"closed","sticky":false,"template":"","format":"standard","meta":{"footnotes":""},"categories":[1,72],"tags":[],"class_list":["post-81302","post","type-post","status-publish","format-standard","hentry","category-startseite","category-jugend"],"_links":{"self":[{"href":"https:\/\/www.fuldaernachrichten.de\/index.php?rest_route=\/wp\/v2\/posts\/81302","targetHints":{"allow":["GET"]}}],"collection":[{"href":"https:\/\/www.fuldaernachrichten.de\/index.php?rest_route=\/wp\/v2\/posts"}],"about":[{"href":"https:\/\/www.fuldaernachrichten.de\/index.php?rest_route=\/wp\/v2\/types\/post"}],"author":[{"embeddable":true,"href":"https:\/\/www.fuldaernachrichten.de\/index.php?rest_route=\/wp\/v2\/users\/1"}],"replies":[{"embeddable":true,"href":"https:\/\/www.fuldaernachrichten.de\/index.php?rest_route=%2Fwp%2Fv2%2Fcomments&post=81302"}],"version-history":[{"count":4,"href":"https:\/\/www.fuldaernachrichten.de\/index.php?rest_route=\/wp\/v2\/posts\/81302\/revisions"}],"predecessor-version":[{"id":81326,"href":"https:\/\/www.fuldaernachrichten.de\/index.php?rest_route=\/wp\/v2\/posts\/81302\/revisions\/81326"}],"wp:attachment":[{"href":"https:\/\/www.fuldaernachrichten.de\/index.php?rest_route=%2Fwp%2Fv2%2Fmedia&parent=81302"}],"wp:term":[{"taxonomy":"category","embeddable":true,"href":"https:\/\/www.fuldaernachrichten.de\/index.php?rest_route=%2Fwp%2Fv2%2Fcategories&post=81302"},{"taxonomy":"post_tag","embeddable":true,"href":"https:\/\/www.fuldaernachrichten.de\/index.php?rest_route=%2Fwp%2Fv2%2Ftags&post=81302"}],"curies":[{"name":"wp","href":"https:\/\/api.w.org\/{rel}","templated":true}]}}