{"id":81254,"date":"2011-01-22T02:58:21","date_gmt":"2011-01-22T02:58:21","guid":{"rendered":"http:\/\/www.fuldaer-nachrichten.de\/?p=81254"},"modified":"2011-01-22T06:58:45","modified_gmt":"2011-01-22T06:58:45","slug":"134-freizeittipps-fuer-kinder-und-jugendliche-bdkj-praesentiert-sein-veranstaltungsprogramm-fuer-2011","status":"publish","type":"post","link":"https:\/\/www.fuldaernachrichten.de\/?p=81254","title":{"rendered":"134 Freizeittipps f\u00fcr Kinder und Jugendliche &#8211; BDKJ pr\u00e4sentiert sein Veranstaltungsprogramm f\u00fcr 2011"},"content":{"rendered":"<p><strong>Fulda\/Kassel\/Hanau. <\/strong>\u201eAuf die Koffer, fertig, los!\u201c unter diesem Motto starten der Bund der Deutschen Katholischen Jugend (BDKJ) und das Bisch\u00f6fliche Jugendamt ihr Bildungs- und Freizeitprogramm f\u00fcr das Jahr 2011. \u201eDiese Brosch\u00fcre zeigt auf beeindruckende Weise, dass unsere Kirche f\u00fcr jeden was zu bieten hat! Mit einem solch vielf\u00e4ltigen und qualifizierten Angebot an Freizeit- und Schulungsma\u00dfnahmen kann in der kirchlichen Jugendarbeit gar keine Langeweile aufkommen zeigte sich Jugendpfarrer Sebastian Bl\u00fcmel \u00e4u\u00dferst zufrieden bei der Vorstellung des 60-Seitigen Veranstaltungsprogramms. <!--more--><\/p>\n<p><strong>F\u00fcr jeden etwas dabei<\/strong><\/p>\n<p>Tats\u00e4chlich umfasst die Brosch\u00fcre \u00fcber 130 Veranstaltungsangebote f\u00fcr Kinder- und Jugendliche mit insgesamt mehr als 500 Veranstaltungstagen. Das Angebot reicht dabei von Ferienfreizeiten (auch integrative Ma\u00dfnahmen), Zeltlagern und Wanderwochen \u00fcber Gruppenleiterkurse und Bildungsurlaube bis hin zu Jugendgottesdiensten, Gebetsabende oder Fortbildungsangeboten. Bl\u00fcmel dankte allen Haupt- und Ehrenamtlichen, die bereits jetzt mit der Planung und Vorbereitung vieler einzelner Veranstaltungen besch\u00e4ftigt sind.<\/p>\n<p>Die Freizeiten- und Veranstaltungsbrosch\u00fcre kann ab sofort kostenlos abgeholt oder angefordert werden bei der BDKJ-Di\u00f6zesanstelle bzw. dem Bisch\u00f6flichen Jugendamt, Paulustor 5, 36037 Fulda. Tel. 0661.87-395 oder 87-367, Fax. 0661.87-547.<\/p>\n","protected":false},"excerpt":{"rendered":"<div class=\"tmnf_excerpt\"><p>Fulda\/Kassel\/Hanau. \u201eAuf die Koffer, fertig, los!\u201c unter diesem Motto starten der Bund der Deutschen Katholischen Jugend (BDKJ) und das Bisch\u00f6fliche Jugendamt ihr Bildungs- und Freizeitprogramm f\u00fcr das Jahr 2011. \u201eDiese Brosch\u00fcre zeigt auf beeindruckende Weise, dass unsere Kirche f\u00fcr jeden was zu bieten hat! Mit einem solch vielf\u00e4ltigen und qualifizierten Angebot an Freizeit- und Schulungsma\u00dfnahmen &hellip;<\/p>\n<\/div>","protected":false},"author":1,"featured_media":0,"comment_status":"closed","ping_status":"closed","sticky":false,"template":"","format":"standard","meta":{"footnotes":""},"categories":[1,72,50,44,46],"tags":[],"class_list":["post-81254","post","type-post","status-publish","format-standard","hentry","category-startseite","category-jugend","category-kirche","category-kultur","category-sport"],"_links":{"self":[{"href":"https:\/\/www.fuldaernachrichten.de\/index.php?rest_route=\/wp\/v2\/posts\/81254","targetHints":{"allow":["GET"]}}],"collection":[{"href":"https:\/\/www.fuldaernachrichten.de\/index.php?rest_route=\/wp\/v2\/posts"}],"about":[{"href":"https:\/\/www.fuldaernachrichten.de\/index.php?rest_route=\/wp\/v2\/types\/post"}],"author":[{"embeddable":true,"href":"https:\/\/www.fuldaernachrichten.de\/index.php?rest_route=\/wp\/v2\/users\/1"}],"replies":[{"embeddable":true,"href":"https:\/\/www.fuldaernachrichten.de\/index.php?rest_route=%2Fwp%2Fv2%2Fcomments&post=81254"}],"version-history":[{"count":3,"href":"https:\/\/www.fuldaernachrichten.de\/index.php?rest_route=\/wp\/v2\/posts\/81254\/revisions"}],"predecessor-version":[{"id":81258,"href":"https:\/\/www.fuldaernachrichten.de\/index.php?rest_route=\/wp\/v2\/posts\/81254\/revisions\/81258"}],"wp:attachment":[{"href":"https:\/\/www.fuldaernachrichten.de\/index.php?rest_route=%2Fwp%2Fv2%2Fmedia&parent=81254"}],"wp:term":[{"taxonomy":"category","embeddable":true,"href":"https:\/\/www.fuldaernachrichten.de\/index.php?rest_route=%2Fwp%2Fv2%2Fcategories&post=81254"},{"taxonomy":"post_tag","embeddable":true,"href":"https:\/\/www.fuldaernachrichten.de\/index.php?rest_route=%2Fwp%2Fv2%2Ftags&post=81254"}],"curies":[{"name":"wp","href":"https:\/\/api.w.org\/{rel}","templated":true}]}}