{"id":81236,"date":"2011-01-22T01:02:34","date_gmt":"2011-01-22T01:02:34","guid":{"rendered":"http:\/\/www.fuldaer-nachrichten.de\/?p=81236"},"modified":"2011-01-22T07:02:59","modified_gmt":"2011-01-22T07:02:59","slug":"studientag-zur-einfuehrung-der-misereor-fastenaktion-und-vorstellung-des-neuen-hungertuches","status":"publish","type":"post","link":"https:\/\/www.fuldaernachrichten.de\/?p=81236","title":{"rendered":"Studientag zur Einf\u00fchrung der MISEREOR-Fastenaktion und Vorstellung des neuen Hungertuches"},"content":{"rendered":"<p><strong>Fulda, Hanau, Marburg, Kassel (sch).<\/strong> Zur Vorbereitung auf den\u00c2\u00a0\u00c2\u00a0 MISEREOR-Sonntag findet am Samstag, 5. Februar 2011 ein Studientag in der Katholischen Familienbildungsst\u00e4tte Helene Weber, Fulda statt. \u201eMenschenw\u00fcrdig leben. \u00dcberall!\u201c hei\u00dft das Thema in diesem Jahr. Unter diesem Leitwort zeigt MISEREOR in der Fastenaktion 2011 \u00fcber ausgesuchte Projekte, wie sich Menschen in den Armutsvierteln der Gro\u00dfst\u00e4dte f\u00fcr ein Leben in W\u00fcrde engagieren: in Nairobi (Kenia), Lima (Peru) und Phnom Penh (Kambodscha). MISEREOR steht mit seinen Partnern an der Seite dieser Menschen, die auch im Elend Akteure ihres eigenen Lebens bleiben wollen. Selbstbewusstsein, Organisation, Fachwissen und viel Kreativit\u00e4t sind n\u00f6tig, um sich etwa gegen Ausbeutung, Mietwucher oder Vertreibung erfolgreich zu Wehr zur setzen.<!--more--><\/p>\n<p><strong>Guter \u00dcberblick<\/strong><\/p>\n<p>Der Studientag bietet einen \u00dcberblick \u00fcber die thematischen Hintergr\u00fcnde, die (entwicklungspolitischen) Ziele sowie \u00fcber die Aktions-Materialien der Fastenaktion. Au\u00dferdem werden das neue Hungertuch und dazugeh\u00f6rige Materialien vorgestellt.<\/p>\n<p>Der Studientag beginnt um 9.30 Uhr und endet gegen 16.00 Uhr. Referentin ist Frau Ursula Bremm-Gerhards von MISEREOR Aachen.<\/p>\n<p><strong>Anmeldungen<\/strong><\/p>\n<p>missio-Referat<br \/>\nPaulustor 5, 36037 Fulda,<br \/>\nTel. 0661\/87-363,<br \/>\nFax 0661\/87-578,<br \/>\nE-Mail: missio@bistum-fulda.de<\/p>\n<p>Katholische Familienbildungsst\u00e4tte<br \/>\nHelene Weber<br \/>\nNeuenberger Str. 3 &#8211; 5, 36041 Fulda,<br \/>\nTel.: \u00ef\u20ac\u00a8 06 61 \/\u00c2\u00a0\u00c2\u00a0\u00c2\u00a0 9 28 43 &#8211; 0,<br \/>\nFax: 06 61 \/ 9 28 43 \u2013 19,<br \/>\nE-mail: info@fbs-fulda.de<\/p>\n","protected":false},"excerpt":{"rendered":"<div class=\"tmnf_excerpt\"><p>Fulda, Hanau, Marburg, Kassel (sch). Zur Vorbereitung auf den\u00c2\u00a0\u00c2\u00a0 MISEREOR-Sonntag findet am Samstag, 5. Februar 2011 ein Studientag in der Katholischen Familienbildungsst\u00e4tte Helene Weber, Fulda statt. \u201eMenschenw\u00fcrdig leben. \u00dcberall!\u201c hei\u00dft das Thema in diesem Jahr. Unter diesem Leitwort zeigt MISEREOR in der Fastenaktion 2011 \u00fcber ausgesuchte Projekte, wie sich Menschen in den Armutsvierteln der Gro\u00dfst\u00e4dte &hellip;<\/p>\n<\/div>","protected":false},"author":1,"featured_media":0,"comment_status":"closed","ping_status":"closed","sticky":false,"template":"","format":"standard","meta":{"footnotes":""},"categories":[1,72,50,29],"tags":[],"class_list":["post-81236","post","type-post","status-publish","format-standard","hentry","category-startseite","category-jugend","category-kirche","category-politik"],"_links":{"self":[{"href":"https:\/\/www.fuldaernachrichten.de\/index.php?rest_route=\/wp\/v2\/posts\/81236","targetHints":{"allow":["GET"]}}],"collection":[{"href":"https:\/\/www.fuldaernachrichten.de\/index.php?rest_route=\/wp\/v2\/posts"}],"about":[{"href":"https:\/\/www.fuldaernachrichten.de\/index.php?rest_route=\/wp\/v2\/types\/post"}],"author":[{"embeddable":true,"href":"https:\/\/www.fuldaernachrichten.de\/index.php?rest_route=\/wp\/v2\/users\/1"}],"replies":[{"embeddable":true,"href":"https:\/\/www.fuldaernachrichten.de\/index.php?rest_route=%2Fwp%2Fv2%2Fcomments&post=81236"}],"version-history":[{"count":3,"href":"https:\/\/www.fuldaernachrichten.de\/index.php?rest_route=\/wp\/v2\/posts\/81236\/revisions"}],"predecessor-version":[{"id":81264,"href":"https:\/\/www.fuldaernachrichten.de\/index.php?rest_route=\/wp\/v2\/posts\/81236\/revisions\/81264"}],"wp:attachment":[{"href":"https:\/\/www.fuldaernachrichten.de\/index.php?rest_route=%2Fwp%2Fv2%2Fmedia&parent=81236"}],"wp:term":[{"taxonomy":"category","embeddable":true,"href":"https:\/\/www.fuldaernachrichten.de\/index.php?rest_route=%2Fwp%2Fv2%2Fcategories&post=81236"},{"taxonomy":"post_tag","embeddable":true,"href":"https:\/\/www.fuldaernachrichten.de\/index.php?rest_route=%2Fwp%2Fv2%2Ftags&post=81236"}],"curies":[{"name":"wp","href":"https:\/\/api.w.org\/{rel}","templated":true}]}}