{"id":8123,"date":"2008-03-06T00:14:46","date_gmt":"2008-03-05T23:14:46","guid":{"rendered":"http:\/\/www.schoene-nachrichten.de\/?p=8123"},"modified":"2008-03-06T00:14:53","modified_gmt":"2008-03-05T23:14:53","slug":"rhoen-praesentierte-sich-auf-biofach-in-nuernberg","status":"publish","type":"post","link":"https:\/\/www.fuldaernachrichten.de\/?p=8123","title":{"rendered":"Rh\u00f6n pr\u00e4sentierte sich auf Biofach in N\u00fcrnberg"},"content":{"rendered":"<p><strong>N\u00fcrnberg\/Fulda.<\/strong> Auf der gerade in N\u00fcrnberg zu Ende gegangenen \u201eBiofach\u201c, der weltweit gr\u00f6\u00dften Messe f\u00fcr biologisch erzeugte Produkte, war die Rh\u00f6n gut vertreten. Mit Bionade und Tegut beziehungsweise Kurhessische Fleischwaren Fabrik (Kff) pr\u00e4sentierten sich die beiden Betriebe, die in der Fachpresse bundesweit derzeit am meisten f\u00fcr Furore sorgen. <!--more--><\/p>\n<p>Aber auch Rother-Br\u00e4u mit ihren ausgesuchten \u00d6ko-Bieren, Fruchts\u00e4fte Elm und die Staatlich Bad Br\u00fcckenauer Mineralbrunnen nutzten die Chance zur Pr\u00e4sentation.<\/p>\n<p>Die besondere Rolle der Rh\u00f6n wurde in einer Reihe von Vortr\u00e4gen und Podiumsdiskussionen gew\u00fcrdigt. So konnte Martin Kremer, Sachgebietsleiter f\u00fcr das Biosph\u00e4renreservat Rh\u00f6n beim Landkreis Fulda, die erfolgreichen Regionalentwicklungsprojekte des Biosph\u00e4renreservates gemeinsam mit Sven Euen von der Firma \u201eTegut \u00e2\u20ac\u00a6.. gute Lebensmittel\u201c vorstellen. In einer anderen Fachveranstaltung ging es um den Bio-Getr\u00e4nkemarkt, bei der Vertreter von Bionade die Rh\u00f6n hervorragend repr\u00e4sentierten.<\/p>\n<p><strong>Heimische Firmen mit Chefs vor Ort<\/strong><\/p>\n<p>Die gro\u00dfe Bedeutung der \u201eBiofach\u201c f\u00fcr die heimischen Betriebe l\u00e4sst sich auch daran ablesen, dass die Firmen mit ihren Chefetagen selbst vor Ort vertreten waren. Die Messe insgesamt pr\u00e4sentierte sich \u00e4u\u00dferst professionell und auf hohem Niveau. Mit gro\u00dfen einheitlichen Messest\u00e4nden warben zum Beispiel Spanien, Italien, Polen, \u00d6sterreich und die USA f\u00fcr ihre Produkte. Auch der afrikanische Kontinent war mit zahlreichen St\u00e4nden vertreten. Insgesamt pr\u00e4sentierten sich 2.764 Aussteller aus 80 L\u00e4ndern den \u00fcber 46.500 Fachbesuchern<\/p>\n<p>Martin Kremer, der sich f\u00fcr das Biosph\u00e4renreservat Rh\u00f6n auf der Messe umsah, kommt zu dem Schluss, dass der \u00d6ko-Markt in der Region noch untersch\u00e4tzt werde. Er wird in dieser Einsch\u00e4tzung von Landrat Bernd Woide unterst\u00fctzt. In Anbetracht des zunehmend weltweiten Handels mit \u00d6ko-Produkten wurde auf der Messe auch eine Wertediskussion bez\u00fcglich Transparenz und Ehrlichkeit von Bio-Produkten gef\u00fchrt. Sorgen bereitet vielen Verarbeitern von Bio-Produkten die zunehmende Rohstoffverknappung.<\/p>\n","protected":false},"excerpt":{"rendered":"<div class=\"tmnf_excerpt\"><p>N\u00fcrnberg\/Fulda. Auf der gerade in N\u00fcrnberg zu Ende gegangenen \u201eBiofach\u201c, der weltweit gr\u00f6\u00dften Messe f\u00fcr biologisch erzeugte Produkte, war die Rh\u00f6n gut vertreten. Mit Bionade und Tegut beziehungsweise Kurhessische Fleischwaren Fabrik (Kff) pr\u00e4sentierten sich die beiden Betriebe, die in der Fachpresse bundesweit derzeit am meisten f\u00fcr Furore sorgen.<\/p>\n<\/div>","protected":false},"author":1,"featured_media":0,"comment_status":"closed","ping_status":"closed","sticky":false,"template":"","format":"standard","meta":{"footnotes":""},"categories":[1,29],"tags":[],"class_list":["post-8123","post","type-post","status-publish","format-standard","hentry","category-startseite","category-politik"],"_links":{"self":[{"href":"https:\/\/www.fuldaernachrichten.de\/index.php?rest_route=\/wp\/v2\/posts\/8123","targetHints":{"allow":["GET"]}}],"collection":[{"href":"https:\/\/www.fuldaernachrichten.de\/index.php?rest_route=\/wp\/v2\/posts"}],"about":[{"href":"https:\/\/www.fuldaernachrichten.de\/index.php?rest_route=\/wp\/v2\/types\/post"}],"author":[{"embeddable":true,"href":"https:\/\/www.fuldaernachrichten.de\/index.php?rest_route=\/wp\/v2\/users\/1"}],"replies":[{"embeddable":true,"href":"https:\/\/www.fuldaernachrichten.de\/index.php?rest_route=%2Fwp%2Fv2%2Fcomments&post=8123"}],"version-history":[{"count":0,"href":"https:\/\/www.fuldaernachrichten.de\/index.php?rest_route=\/wp\/v2\/posts\/8123\/revisions"}],"wp:attachment":[{"href":"https:\/\/www.fuldaernachrichten.de\/index.php?rest_route=%2Fwp%2Fv2%2Fmedia&parent=8123"}],"wp:term":[{"taxonomy":"category","embeddable":true,"href":"https:\/\/www.fuldaernachrichten.de\/index.php?rest_route=%2Fwp%2Fv2%2Fcategories&post=8123"},{"taxonomy":"post_tag","embeddable":true,"href":"https:\/\/www.fuldaernachrichten.de\/index.php?rest_route=%2Fwp%2Fv2%2Ftags&post=8123"}],"curies":[{"name":"wp","href":"https:\/\/api.w.org\/{rel}","templated":true}]}}