{"id":81166,"date":"2011-01-21T02:26:28","date_gmt":"2011-01-21T02:26:28","guid":{"rendered":"http:\/\/www.fuldaer-nachrichten.de\/?p=81166"},"modified":"2011-01-20T16:26:47","modified_gmt":"2011-01-20T16:26:47","slug":"ich-bin-gesund-und-fuehle-mich-wohl-hier-zwischenseminar-der-bistumsfreiwilligen-in-uganda","status":"publish","type":"post","link":"https:\/\/www.fuldaernachrichten.de\/?p=81166","title":{"rendered":"\u201eIch bin gesund und f\u00fchle mich wohl hier\u201c &#8211; Zwischenseminar der Bistumsfreiwilligen in Uganda"},"content":{"rendered":"<p><strong><a href=\"http:\/\/www.fuldaer-nachrichten.de\/wp-content\/uploads\/2011\/01\/110120_Uganda.jpg\"><img fetchpriority=\"high\" decoding=\"async\" class=\"alignleft size-thumbnail wp-image-81167\" title=\"110120_Uganda\" src=\"http:\/\/www.fuldaer-nachrichten.de\/wp-content\/uploads\/2011\/01\/110120_Uganda-265x198.jpg\" alt=\"\" width=\"265\" height=\"198\" srcset=\"https:\/\/www.fuldaernachrichten.de\/wp-content\/uploads\/2011\/01\/110120_Uganda-265x198.jpg 265w, https:\/\/www.fuldaernachrichten.de\/wp-content\/uploads\/2011\/01\/110120_Uganda.jpg 592w\" sizes=\"(max-width: 265px) 100vw, 265px\" \/><\/a>Fulda. <\/strong>In der H\u00e4lfte ihres neunmonatigen Dienstes, den 8 junge Erwachsene des Bistums Fulda als \u201eFreiwilligen Sozialen und Missionarischen Dienst im Ausland (FSMDA)\u201c, im Partnerbistum Hoima, in Uganda leisten, fand ein Zwischenseminar statt, zu dem sich Thomas Bretz, Referent f\u00fcr Neuevangelisierung im Seelsorgeamt des Bisch\u00f6flichen Generalvikariats in Fulda und Mitinitiator des FSMDA, vor Ort mit den Freiwilligen traf. Bretz betonte nach der Begegnung: \u201eIch bin sehr froh unsere Freiwilligen gesund und so gut an die Lebensumst\u00e4nde Ugandas angepasst, angetroffen zu haben. Sie haben sich sehr einf\u00fchlsam, lernbereit und neugierig in Ihre Einsatzpfarreien eingelebt, setzten sich in relevanten T\u00e4tigkeitsfeldern ein und nutzen ihre Team-M\u00f6glichkeiten bei Freuden und Leiden  Ihres Dienstes.\u201c<!--more--><\/p>\n<p>Bischof Lambert Banomugisha, Apostolischer Administrator der Di\u00f6zese Hoima, bedankte sich f\u00fcr den Brief von Bischof Heinz Josef Algermissen, den ihm Bretz \u00fcberreichte: \u201eIch bin sehr beeindruckt vom Lebenszeugnis der Freiwilligen, welche die ganz einfachen Verh\u00e4ltnisse in unseren Pfarreien, oft ohne Strom und flie\u00dfendem Wasser,  teilen. Es ist genau so, wie Bischof Algermissen mir schreibt: Nicht dass die jungen Erwachsenen viel Geld mitbringen, aber sie bringen sich selbst, ihre Talente ihren Glauben\u00e2\u20ac\u00a6 und lernen von euch und unserer Weltkirche\u201c.<\/p>\n<p>Pfarrer Peter Isingoma, Nationalpr\u00e4ses des Kolpingwerkes in Uganda und Mitglied im Leitungsteam von Kolping-International, einer der Mentorenpfarrer vor Ort meint: \u201eWir waren es gewohnt Priester und Ordensleute aus Europa als Missionare in Afrika zu haben, nun sendet ihr junge Erwachsene, Laien. Das ist eine ganz neue und prophetische Mission, die f\u00fcr beide Seiten fruchtbar ist.\u201c Pfr. Matthias Kyaliganza bekr\u00e4ftigt: \u201eDie Freiwilligen vitalisieren unsere Pfarreien auch spirituell: Ein Wei\u00dfer, der unser Essen isst, in unserer Pfarrei mit lebt und arbeitet ist eine Attraktion und ein Glaubenszeugnis das mehr sagt als viele Worte, gerade auch f\u00fcr unsere Jugend.\u201c<\/p>\n<p>Bei diesem Freiwilligendienst greift das Bistum ein ermutigendes Zeichen dieser Zeit auf, n\u00e4mlich, dass eine wachsende Zahl junger Menschen bereit ist mehrere Monate ihres Lebens in den Dienst an den \u201efernen N\u00e4chsten\u201c einzusetzen, wobei auch der pers\u00f6nliche Glaube angeregt wird, erl\u00e4utert Bretz.<\/p>\n<p>In der Woche des Zwischenseminars fand bei Gruppendiskussionen, Einzelgespr\u00e4chen, Gottesdienst- und Gebetszeiten ein umfassender und tiefer Erfahrungsaustausch statt, sowohl mit den Jugendlichen als auch mit ihren verantwortlichen Mentoren vor Ort, die Priester sind und gro\u00dfe Pfarreien leiten. Gemeinsam wurden Zielvereinbarungen f\u00fcr die verbleibende Dienstzeit ausgelotet und ggf. neue Motivationen und Handlungsm\u00f6glichkeiten erschlossen. Der Umgang mit Armut, Krankheit und Konflikten, typisch kulturellen Unterschieden, \u201ehighlights\u201c und Entt\u00e4uschungen wurden thematisiert.<\/p>\n<p><a href=\"http:\/\/www.fuldaer-nachrichten.de\/wp-content\/uploads\/2011\/01\/110120_Uganda3.jpg\"><img decoding=\"async\" class=\"alignleft size-thumbnail wp-image-81176\" title=\"110120_Uganda3\" src=\"http:\/\/www.fuldaer-nachrichten.de\/wp-content\/uploads\/2011\/01\/110120_Uganda3-265x198.jpg\" alt=\"\" width=\"265\" height=\"198\" srcset=\"https:\/\/www.fuldaernachrichten.de\/wp-content\/uploads\/2011\/01\/110120_Uganda3-265x198.jpg 265w, https:\/\/www.fuldaernachrichten.de\/wp-content\/uploads\/2011\/01\/110120_Uganda3.jpg 592w\" sizes=\"(max-width: 265px) 100vw, 265px\" \/><\/a>Beim gemeinsamen Ausflug in einem Nationalpark wurden staunend L\u00f6wen, Giraffen, Elefanten, B\u00fcffel, Nilpferde und Krokodile beobachtet. Auch dabei sprach man \u00fcber pers\u00f6nliche und berufliche Perspektiven und wurde \u00fcber praktische Umsetzungsm\u00f6glichkeiten aus den Erfahrungen im Freiwilligendienst nachgedacht. Einige Eltern der Freiwilligen planen zu ihren Kindern nach Uganda zu reisen. \u201eDiese Besuche, die R\u00fcckbindung an ihre Pfarreien, Vereine und Freundeskreise bringen die beabsichtigte Nachhaltigkeit dieses Freiwilligendienstes\u201c, freuen sich die Verantwortlichen des Bistums.<\/p>\n<p>Zwei ehemalige Freiwillige, die Ihren Dienst im letzten Jahr absolvierten, assistierten beim Zwischenseminar: Julia Menz (20) aus Karben bei Frankfurt, studiert in Mainz an der katholischen Fachhochschule Soziale Arbeit, sagt: \u201eAls ich jetzt meine damalige Einsatzpfarrei Mpasana besucht habe wurde ich nicht mehr als Gast, sondern als Freund begr\u00fc\u00dft und durfte gleich in der K\u00fcche mithelfen, was einem Gast hier niemals erlaubt wird.\u201c Und Lukas Hofmann (20) aus Bimbach bei Fulda, der gerade sein Fachabitur macht, res\u00fcmiert: \u201eWenn ich jetzt durch Hoima laufe und meine Freunde treffe, ist das wie ein Nachhause kommen, als w\u00e4re ich gar nicht weg gewesen. Die guten Erfahrungen meines Jahres in Uganda haben wohl noch lange eine positive Wirkung auf mein Leben.\u201c<\/p>\n<p><strong>Ausblick:<\/strong><\/p>\n<p>Die Vorbereitungsphase des FSMDA-Jahrgangs 2011\/12 hat begonnen, bei der sich nach Ihrer R\u00fcckkehr auch die jetzigen Freiwilligen einbringen wollen.<\/p>\n<p><strong>Kontakt:<\/strong><\/p>\n<p>Interessenten f\u00fcr den \u201eFreiwilligen Sozialen und Missionarischen Dienst im Ausland\u201c wenden sich an Sturmius Schneider vom Referat Mission, Entwicklung und Frieden, Tel. 0661\/87-363, missio@bistum-fulda.de und Thomas Bretz vom Referat Neuevangelisierung, Tel. 0661\/87-364, Thomas.Bretz@Bistum-Fulda.de. Der \u201eFreiwillige Soziale und Missionarische Dienst im Ausland\u201c des Bistums Fulda wird von \u201eweltw\u00e4rts\u201c gef\u00f6rdert, dem entwicklungspolitischen Freiwilligendienst des Bundesministeriums f\u00fcr wirtschaftliche Zusammenarbeit und Entwicklung.<\/p>\n<p>Pr\u00e4lat Dr. Lucian Lamza, Apostolischer Protonotar und Di\u00f6zesandirektor f\u00fcr die Missionswerke, in seinem Gru\u00dfwort an die Freiwilligen zum Zwischenseminar: \u201eWenige Tage vor Ihrer Entsendung hat die Welt den 100. Geburtstag von Mutter Teresa begangen. Sie wurde \u2013 \u00e4hnlich wie Sie nach Afrika \u2013 auf eine pers\u00f6nliche F\u00fchrung Gottes hin nach Indien gef\u00fchrt. Einer beigef\u00fcgten Brosch\u00fcre, mit der ich meine Wertsch\u00e4tzung Ihres Engagements auf dem Schwarzen Kontinent ausdr\u00fccke, lesen Sie  von welchem Geist diese Frau beseelt war. Seien Sie sicher, dass ich Ihr Wirken in Uganda mit Interesse verfolge und t\u00e4glich f\u00fcr Sie bete.\u201c<\/p>\n<p><strong>Berichte und O-T\u00f6ne der Freiwilligen:<\/strong><\/p>\n<p>Marisa N\u00fcchter, 20 Jahre, aus K\u00fcnzell bei Fulda<\/p>\n<p><a href=\"http:\/\/www.fuldaer-nachrichten.de\/wp-content\/uploads\/2011\/01\/110120_MarisaN\u00fcchter.jpg\"><img decoding=\"async\" class=\"alignleft size-thumbnail wp-image-81169\" title=\"110120_MarisaN\u00fcchter\" src=\"http:\/\/www.fuldaer-nachrichten.de\/wp-content\/uploads\/2011\/01\/110120_MarisaN\u00fcchter-265x198.jpg\" alt=\"\" width=\"265\" height=\"198\" \/><\/a>Seit 4 Monaten lebe ich jetzt in Rwemisanga bei Pfr. Peter Isingoma. Ich wurde hier sehr herzlich aufgenommen. Zwei bis drei Mal pro Woche unterrichte ich Englisch in der 6. Klasse, was mir sehr viel Spa\u00df macht. Nachmittags spiele ich oft Netball oder Fu\u00dfball mit den Kindern dieser Primary School. F\u00fcr ein paar Wochen habe ich zus\u00e4tzlich in dem pfarreieigenen Shop verkauft und dabei das Z\u00e4hlen auf Runjoro, der Lokalsprache, gelernt. Ansonsten gehe ich gerne mit den Leuten auf\u00c2\u00b4s Feld um Unkraut zu j\u00e4ten, zu graben oder zu ernten. Da viele Menschen hier noch nie eine \u201eMuzungu\u201c (Wei\u00dfe) arbeiten gesehen haben, sind sie dar\u00fcber immer wieder \u00fcberrascht und erfreut. Au\u00dferdem singe ich im Chor der Pfarrei, jeden Freitag wird geprobt und sonntags in der Messe gesungen. Besonders sch\u00f6n sind die Messen in den \u201eOutstations\u201c. Dort tanzt und singt immer die ganze Gemeinde. Man sp\u00fcrt, dass es f\u00fcr die Menschen ein richtiges Fest ist.<\/p>\n<p><a href=\"http:\/\/www.fuldaer-nachrichten.de\/wp-content\/uploads\/2011\/01\/110120_JohannesWinter.jpg\"><img loading=\"lazy\" decoding=\"async\" class=\"alignnone size-thumbnail wp-image-81172\" title=\"110120_JohannesWinter\" src=\"http:\/\/www.fuldaer-nachrichten.de\/wp-content\/uploads\/2011\/01\/110120_JohannesWinter-265x353.jpg\" alt=\"\" width=\"265\" height=\"353\" srcset=\"https:\/\/www.fuldaernachrichten.de\/wp-content\/uploads\/2011\/01\/110120_JohannesWinter-265x353.jpg 265w, https:\/\/www.fuldaernachrichten.de\/wp-content\/uploads\/2011\/01\/110120_JohannesWinter-198x265.jpg 198w, https:\/\/www.fuldaernachrichten.de\/wp-content\/uploads\/2011\/01\/110120_JohannesWinter.jpg 399w\" sizes=\"(max-width: 265px) 100vw, 265px\" \/><\/a> <a href=\"http:\/\/www.fuldaer-nachrichten.de\/wp-content\/uploads\/2011\/01\/110120_MariaKrack-.jpg\"><img loading=\"lazy\" decoding=\"async\" class=\"alignnone size-thumbnail wp-image-81173\" title=\"110120_MariaKrack\" src=\"http:\/\/www.fuldaer-nachrichten.de\/wp-content\/uploads\/2011\/01\/110120_MariaKrack--265x353.jpg\" alt=\"\" width=\"265\" height=\"353\" srcset=\"https:\/\/www.fuldaernachrichten.de\/wp-content\/uploads\/2011\/01\/110120_MariaKrack--265x353.jpg 265w, https:\/\/www.fuldaernachrichten.de\/wp-content\/uploads\/2011\/01\/110120_MariaKrack--198x265.jpg 198w, https:\/\/www.fuldaernachrichten.de\/wp-content\/uploads\/2011\/01\/110120_MariaKrack-.jpg 399w\" sizes=\"(max-width: 265px) 100vw, 265px\" \/><\/a><\/p>\n<p>Johannes Winter, 20 Jahre, aus Rossbach bei H\u00fcnfeld<\/p>\n<p>Leistet mit dem FSMDA seinen Zivildienst: Ich arbeite in der Werkzeugausgabe und Buchhaltung einer Lehrwerkstatt f\u00fcr Kfz-Mechatroniker. Der t\u00e4gliche direkte Kontakt zu den Sch\u00fclern und die gute Beziehung zu den Priestern, mit denen ich in einer Gemeinschaft wohne, haben dazu gef\u00fchrt, dass ich mich hier sehr schnell heimisch gef\u00fchlt habe. Mit den Auszubildenden spiele ich gerne Volleyball und auch der sehr belebte Stadtkern von Hoima ist f\u00fcr mich \u00f6fters eine willkommene Abwechslung. Ich bin weltw\u00e4rts und dem Bistum Fulda dankbar f\u00fcr die M\u00f6glichkeit meines Dienstes hier in Uganda.<\/p>\n<p>Maria Krack, 20 Jahre, aus Marborn bei Steinau a.d. Strasse<\/p>\n<p>In meiner Einsatzpfarrei in Bugambe assistiere ich mit Mathematik und Englisch an der Schule der Pfarrei. Im Kirchenchor lerne ich auch Lieder in der Lokalsprache Runjoro und gerade in der Weihnachtszeit hat es mir besonders viel Spa\u00df gemacht, mir bekannte Lieder in einer anderen Sprache zu singen. Ich freue mich schon bald mit meinem Projekt zu beginnen: wir m\u00f6chten in der N\u00e4he der Kirche einen Kinderspielplatz errichten!<\/p>\n<p>Moritz Becker, 18 Jahre, aus Poppenhausen bei Fulda<\/p>\n<p>Leistet mit dem FSMDA seinen Zivildienst: In meiner Einsatzpfarrei f\u00fchle ich mich sehr wohl. Ich habe viele gute Freunde gefunden und mit Pfr. Boniface einen ausgezeichneten Mentor. Dank meines Unterrichtens an der Schule der Pfarrei habe ich auch schnell Anschluss im Dorf gefunden. Auch war ich schon bei einer Hochzeit eingeladen. In meiner Lehrerrolle merke ich wie anstrengend es auch sein kann, um die Aufmerksamkeit der Sch\u00fcler zu k\u00e4mpfen, was mir als Sch\u00fcler so nie bewusst war. Ich bin gesund und f\u00fchle mich hier wohl.<\/p>\n<p>Madeleine Bolz, 20 Jahre, aus Eichenzell\/L\u00fctter bei Fulda<\/p>\n<p><a href=\"http:\/\/www.fuldaer-nachrichten.de\/wp-content\/uploads\/2011\/01\/110120_MadeleineBolz.jpg\"><img loading=\"lazy\" decoding=\"async\" class=\"alignleft size-thumbnail wp-image-81175\" title=\"110120_MadeleineBolz\" src=\"http:\/\/www.fuldaer-nachrichten.de\/wp-content\/uploads\/2011\/01\/110120_MadeleineBolz-265x198.jpg\" alt=\"\" width=\"265\" height=\"198\" srcset=\"https:\/\/www.fuldaernachrichten.de\/wp-content\/uploads\/2011\/01\/110120_MadeleineBolz-265x198.jpg 265w, https:\/\/www.fuldaernachrichten.de\/wp-content\/uploads\/2011\/01\/110120_MadeleineBolz.jpg 592w\" sizes=\"(max-width: 265px) 100vw, 265px\" \/><\/a>In meiner Gemeinde in Kigumba f\u00fchle ich mich sehr wohl und die Mentorenpfarrer sind sehr freundlich zu mir, umsorgen mich gut und sind auch bei kleinen Problemen direkt zur Stelle. Mit den Haush\u00e4lterinnen habe ich gute Freundschaften geschlossen. Neben dem \u201eMitleben\u201c in der Pfarrei arbeite ich in der Primary School, was mir riesigen Spa\u00df macht. Die Kinder sind mir sehr ans Herz gewachsen und ich liebe es mit Ihnen zu singen oder T\u00e4nze bei zu bringen. Die Sch\u00fcler sind sehr interessiert und wollen wirklich etwas lernen. In einem Kidsclub machen wir verschiedene Sportspiele und bei einem \u201eGerman-Club\u201c bringe ich 7 Gesch\u00e4ftsm\u00e4nnern im Alter von 20-30 Jahren etwas Deutsch bei, was manchmal sehr lustig ist. Gerne besuche ich auch befreundete Familien.<\/p>\n<p><a href=\"http:\/\/www.fuldaer-nachrichten.de\/wp-content\/uploads\/2011\/01\/110120_Uganda2.jpg\"><img loading=\"lazy\" decoding=\"async\" class=\"alignnone size-thumbnail wp-image-81168\" title=\"110120_Uganda2\" src=\"http:\/\/www.fuldaer-nachrichten.de\/wp-content\/uploads\/2011\/01\/110120_Uganda2-265x198.jpg\" alt=\"\" width=\"265\" height=\"198\" srcset=\"https:\/\/www.fuldaernachrichten.de\/wp-content\/uploads\/2011\/01\/110120_Uganda2-265x198.jpg 265w, https:\/\/www.fuldaernachrichten.de\/wp-content\/uploads\/2011\/01\/110120_Uganda2.jpg 592w\" sizes=\"(max-width: 265px) 100vw, 265px\" \/><\/a> <a href=\"http:\/\/www.fuldaer-nachrichten.de\/wp-content\/uploads\/2011\/01\/110120_MoritzBecker.jpg\"><img loading=\"lazy\" decoding=\"async\" class=\"alignnone size-thumbnail wp-image-81174\" title=\"110120_MoritzBecker\" src=\"http:\/\/www.fuldaer-nachrichten.de\/wp-content\/uploads\/2011\/01\/110120_MoritzBecker-265x198.jpg\" alt=\"\" width=\"265\" height=\"198\" srcset=\"https:\/\/www.fuldaernachrichten.de\/wp-content\/uploads\/2011\/01\/110120_MoritzBecker-265x198.jpg 265w, https:\/\/www.fuldaernachrichten.de\/wp-content\/uploads\/2011\/01\/110120_MoritzBecker.jpg 592w\" sizes=\"(max-width: 265px) 100vw, 265px\" \/><\/a><\/p>\n<p>Katharina M\u00f6ller, 20 Jahre, aus Dipperz bei Fulda<\/p>\n<p>Diese erste H\u00e4lfte meines Dienstes in Uganda war eine Zeit voller neuer Erfahrungen, Eindr\u00fccke und Erlebnisse. Ich helfe beim Unterrichten in der Schule und beim Kochen. Auch half ich bei der Herstellung von Backsteinen; mein Projekt: eine \u00dcbernachtungsst\u00e4tte f\u00fcr Schulkinder, die ansonsten t\u00e4glich einen Fu\u00dfweg von \u00fcber 10km zur\u00fccklegen. Mich beeindruckt hier wie herzlich, fr\u00f6hlich und offen die Menschen mir gegen\u00fcber sind.<\/p>\n<p>Sebastian Schmitt, 19 Jahre, aus Flieden bei Fulda<\/p>\n<p>Leistet mit dem FSMDA seinen Zivildienst: Seit knapp 5 Monaten lebe ich in meiner Einsatzpfarrei \u201eCatholic Martyrs Parish\u201c, etwa 1 Autostunde von der Stadt Hoima entfernt. Nach einem Monat begann ich in der Schule Mathematik und Sport zu unterrichten was mir sehr viel Spa\u00df macht. Da allerdings viele meiner Sch\u00fcler kein Englisch und ich kaum die Lokalsprache spreche, weichen wir \u00f6fters auf Zeichensprache aus, was h\u00e4ufig ganz lustig wird. In meiner bisherigen Zeit habe ich viel Offenheit und Gastfreundlichkeit sowie einen tief verwurzelten Glauben an Jesus Christus kennen gelernt. Der Gottesdienst an Heilig Abend war f\u00fcr mich ein H\u00f6henpunkt meiner Zeit hier.<\/p>\n<p>Agnieszka Jurczyk, 21 Jahre, aus Rastatt<\/p>\n<p><a href=\"http:\/\/www.fuldaer-nachrichten.de\/wp-content\/uploads\/2011\/01\/110120_AgnieszkaJurczyk.jpg\"><img loading=\"lazy\" decoding=\"async\" class=\"alignleft size-thumbnail wp-image-81171\" title=\"110120_AgnieszkaJurczyk\" src=\"http:\/\/www.fuldaer-nachrichten.de\/wp-content\/uploads\/2011\/01\/110120_AgnieszkaJurczyk-265x198.jpg\" alt=\"\" width=\"265\" height=\"198\" srcset=\"https:\/\/www.fuldaernachrichten.de\/wp-content\/uploads\/2011\/01\/110120_AgnieszkaJurczyk-265x198.jpg 265w, https:\/\/www.fuldaernachrichten.de\/wp-content\/uploads\/2011\/01\/110120_AgnieszkaJurczyk.jpg 592w\" sizes=\"(max-width: 265px) 100vw, 265px\" \/><\/a>Dass es hier keine exakte Aufgabenbeschreibung nach unserem deutschen Verst\u00e4ndnis gibt, fiel mir anfangs schwer. Mentalit\u00e4t, Denk- und Lebensweise der Menschen hier sind eben v\u00f6llig anders und ich versuche immer wieder zu erkennen, dass das einfache Mitleben auch schon sinnvoll sein kann, woraus dann auch das eine oder andere Projekt entstehen kann. Ich habe gelernt, wie ein Korb aus Bananenbl\u00e4ttern gemacht wird, singe beim Chor mit und ich durfte sogar mit einer Tanzgruppe vor dem Bischof auftreten. Und die Menschen freuen sich so sehr, wenn man an Ihrem Leben teilnimmt. Ein highlight war das Ein\u00fcben und Auff\u00fchren eines Krippenspiels an Weihnachten \u2013 das hat es bisher noch nie in meiner Pfarrei gegeben!  Alle waren begeistert und wir planen die Auff\u00fchrung eines Passionsspiels.<\/p>\n","protected":false},"excerpt":{"rendered":"<div class=\"tmnf_excerpt\"><p>Fulda. In der H\u00e4lfte ihres neunmonatigen Dienstes, den 8 junge Erwachsene des Bistums Fulda als \u201eFreiwilligen Sozialen und Missionarischen Dienst im Ausland (FSMDA)\u201c, im Partnerbistum Hoima, in Uganda leisten, fand ein Zwischenseminar statt, zu dem sich Thomas Bretz, Referent f\u00fcr Neuevangelisierung im Seelsorgeamt des Bisch\u00f6flichen Generalvikariats in Fulda und Mitinitiator des FSMDA, vor Ort mit &hellip;<\/p>\n<\/div>","protected":false},"author":1,"featured_media":0,"comment_status":"closed","ping_status":"closed","sticky":false,"template":"","format":"standard","meta":{"footnotes":""},"categories":[1],"tags":[],"class_list":["post-81166","post","type-post","status-publish","format-standard","hentry","category-startseite"],"_links":{"self":[{"href":"https:\/\/www.fuldaernachrichten.de\/index.php?rest_route=\/wp\/v2\/posts\/81166","targetHints":{"allow":["GET"]}}],"collection":[{"href":"https:\/\/www.fuldaernachrichten.de\/index.php?rest_route=\/wp\/v2\/posts"}],"about":[{"href":"https:\/\/www.fuldaernachrichten.de\/index.php?rest_route=\/wp\/v2\/types\/post"}],"author":[{"embeddable":true,"href":"https:\/\/www.fuldaernachrichten.de\/index.php?rest_route=\/wp\/v2\/users\/1"}],"replies":[{"embeddable":true,"href":"https:\/\/www.fuldaernachrichten.de\/index.php?rest_route=%2Fwp%2Fv2%2Fcomments&post=81166"}],"version-history":[{"count":2,"href":"https:\/\/www.fuldaernachrichten.de\/index.php?rest_route=\/wp\/v2\/posts\/81166\/revisions"}],"predecessor-version":[{"id":81210,"href":"https:\/\/www.fuldaernachrichten.de\/index.php?rest_route=\/wp\/v2\/posts\/81166\/revisions\/81210"}],"wp:attachment":[{"href":"https:\/\/www.fuldaernachrichten.de\/index.php?rest_route=%2Fwp%2Fv2%2Fmedia&parent=81166"}],"wp:term":[{"taxonomy":"category","embeddable":true,"href":"https:\/\/www.fuldaernachrichten.de\/index.php?rest_route=%2Fwp%2Fv2%2Fcategories&post=81166"},{"taxonomy":"post_tag","embeddable":true,"href":"https:\/\/www.fuldaernachrichten.de\/index.php?rest_route=%2Fwp%2Fv2%2Ftags&post=81166"}],"curies":[{"name":"wp","href":"https:\/\/api.w.org\/{rel}","templated":true}]}}