{"id":81152,"date":"2011-01-21T02:27:36","date_gmt":"2011-01-21T02:27:36","guid":{"rendered":"http:\/\/www.fuldaer-nachrichten.de\/?p=81152"},"modified":"2011-01-20T16:27:49","modified_gmt":"2011-01-20T16:27:49","slug":"der-florenberg-silber-und-bronze-beim-gastronomiepreis-hessen","status":"publish","type":"post","link":"https:\/\/www.fuldaernachrichten.de\/?p=81152","title":{"rendered":"Der Florenberg: Silber und Bronze beim \u201eGastronomiepreis Hessen\u201c"},"content":{"rendered":"<p><strong><a href=\"http:\/\/www.fuldaer-nachrichten.de\/wp-content\/uploads\/2011\/01\/110120_Gastronomiepreis.jpg\"><img fetchpriority=\"high\" decoding=\"async\" class=\"alignleft size-thumbnail wp-image-81153\" title=\"110120_Gastronomiepreis\" src=\"http:\/\/www.fuldaer-nachrichten.de\/wp-content\/uploads\/2011\/01\/110120_Gastronomiepreis-265x198.jpg\" alt=\"\" width=\"265\" height=\"198\" srcset=\"https:\/\/www.fuldaernachrichten.de\/wp-content\/uploads\/2011\/01\/110120_Gastronomiepreis-265x198.jpg 265w, https:\/\/www.fuldaernachrichten.de\/wp-content\/uploads\/2011\/01\/110120_Gastronomiepreis.jpg 592w\" sizes=\"(max-width: 265px) 100vw, 265px\" \/><\/a>K\u00fcnzell. <\/strong>Gro\u00dfe Freude herrscht bei der Belegschaft und den Inhabern G\u00fcnter und Angelika Frohnapfel der Gastst\u00e4tte am Florenberg. Die kreativen Ideen des Teams haben die Tester vom \u201eGastronomiepreis Hessen\u201c, die anonym und mit mehr als 100 Fragen im Gep\u00e4ck die Bewerber aufsuchen, \u00fcberzeugt. In der Kategorie \u201eBeste deutsche K\u00fcche, traditionell\u201c errang das K\u00fcchen- und Serviceteam des Florenbergs den zweiten Platz. In der Kategorie \u201eBester Biergarten\u201c konnten sie den dritten Platz f\u00fcr sich verbuchen. \u201eDie Auszeichnungen sind vor allem ein Verdienst unserer Mitarbeiter, die 100 Prozent Freude und Leistung in ihre Arbeit stecken , betont Inhaber G\u00fcnter Frohnapfel. <!--more--><\/p>\n<p>\u00dcberrascht sei er dennoch dass sie zwei Preise eingeheimst haben. Denn bei der offiziellen Preisverleihung konnte das Ehepaar nicht anwesend sein und so erfuhren sie erst jetzt, dass das Team gleich zweimal ausgezeichnet wurde. Am Florenberg werden Sie mit gut b\u00fcrgerlicher und internationaler K\u00fcche verw\u00f6hnt. \u201eHier haben Tradition und Moderne ein B\u00fcndnis geschlossen\u201c, so G\u00fcnter Frohnapfel. Aus der K\u00fcche werden haupts\u00e4chlich \u00f6kologisch erzeugte Produkte aus der Rh\u00f6n angeboten.<\/p>\n<p>Erg\u00e4nzt werden diese durch internationale Spezialit\u00e4ten, wie die beliebten Steaks aus Argentinien. Auf dem &#8220;Gipfel f\u00fcr Genie\u00dfer&#8221; feiert man auch gerne und gut in einer der beiden S\u00e4le. In Verbindung mit der alterw\u00fcrdigen Kirche bietet die Gastronomie eine einmalige Erlebnis-Kombination. Insgesamt haben sich rund 140 Restaurants, Hotels und Gastwirtschaften beim Gastronomiepreis 2010 beworben. Der Gastronomiepreis Hessen ist die wichtigste Auszeichnung f\u00fcr das Hotel- und Gastst\u00e4ttengewerbe in diesem Bundesland.<\/p>\n","protected":false},"excerpt":{"rendered":"<div class=\"tmnf_excerpt\"><p>K\u00fcnzell. Gro\u00dfe Freude herrscht bei der Belegschaft und den Inhabern G\u00fcnter und Angelika Frohnapfel der Gastst\u00e4tte am Florenberg. Die kreativen Ideen des Teams haben die Tester vom \u201eGastronomiepreis Hessen\u201c, die anonym und mit mehr als 100 Fragen im Gep\u00e4ck die Bewerber aufsuchen, \u00fcberzeugt. In der Kategorie \u201eBeste deutsche K\u00fcche, traditionell\u201c errang das K\u00fcchen- und Serviceteam &hellip;<\/p>\n<\/div>","protected":false},"author":1,"featured_media":0,"comment_status":"closed","ping_status":"closed","sticky":false,"template":"","format":"standard","meta":{"footnotes":""},"categories":[1],"tags":[],"class_list":["post-81152","post","type-post","status-publish","format-standard","hentry","category-startseite"],"_links":{"self":[{"href":"https:\/\/www.fuldaernachrichten.de\/index.php?rest_route=\/wp\/v2\/posts\/81152","targetHints":{"allow":["GET"]}}],"collection":[{"href":"https:\/\/www.fuldaernachrichten.de\/index.php?rest_route=\/wp\/v2\/posts"}],"about":[{"href":"https:\/\/www.fuldaernachrichten.de\/index.php?rest_route=\/wp\/v2\/types\/post"}],"author":[{"embeddable":true,"href":"https:\/\/www.fuldaernachrichten.de\/index.php?rest_route=\/wp\/v2\/users\/1"}],"replies":[{"embeddable":true,"href":"https:\/\/www.fuldaernachrichten.de\/index.php?rest_route=%2Fwp%2Fv2%2Fcomments&post=81152"}],"version-history":[{"count":2,"href":"https:\/\/www.fuldaernachrichten.de\/index.php?rest_route=\/wp\/v2\/posts\/81152\/revisions"}],"predecessor-version":[{"id":81212,"href":"https:\/\/www.fuldaernachrichten.de\/index.php?rest_route=\/wp\/v2\/posts\/81152\/revisions\/81212"}],"wp:attachment":[{"href":"https:\/\/www.fuldaernachrichten.de\/index.php?rest_route=%2Fwp%2Fv2%2Fmedia&parent=81152"}],"wp:term":[{"taxonomy":"category","embeddable":true,"href":"https:\/\/www.fuldaernachrichten.de\/index.php?rest_route=%2Fwp%2Fv2%2Fcategories&post=81152"},{"taxonomy":"post_tag","embeddable":true,"href":"https:\/\/www.fuldaernachrichten.de\/index.php?rest_route=%2Fwp%2Fv2%2Ftags&post=81152"}],"curies":[{"name":"wp","href":"https:\/\/api.w.org\/{rel}","templated":true}]}}