{"id":81141,"date":"2011-01-24T00:28:34","date_gmt":"2011-01-24T00:28:34","guid":{"rendered":"http:\/\/www.fuldaer-nachrichten.de\/?p=81141"},"modified":"2011-01-24T09:28:41","modified_gmt":"2011-01-24T09:28:41","slug":"neujahrstreffen-der-vogelsberger-seniorenbeiraete-mit-landrat-und-seniorenbeauftragter","status":"publish","type":"post","link":"https:\/\/www.fuldaernachrichten.de\/?p=81141","title":{"rendered":"Neujahrstreffen der Vogelsberger Seniorenbeir\u00e4te mit Landrat und Seniorenbeauftragter"},"content":{"rendered":"<p><strong><a href=\"http:\/\/www.fuldaer-nachrichten.de\/wp-content\/uploads\/2011\/01\/110120_Marx.jpg\"><img decoding=\"async\" class=\"alignleft size-thumbnail wp-image-81142\" title=\"110120_Marx\" src=\"http:\/\/www.fuldaer-nachrichten.de\/wp-content\/uploads\/2011\/01\/110120_Marx-265x105.jpg\" alt=\"\" width=\"265\" height=\"105\" srcset=\"https:\/\/www.fuldaernachrichten.de\/wp-content\/uploads\/2011\/01\/110120_Marx-265x105.jpg 265w, https:\/\/www.fuldaernachrichten.de\/wp-content\/uploads\/2011\/01\/110120_Marx.jpg 592w\" sizes=\"(max-width: 265px) 100vw, 265px\" \/><\/a>Vogelsbergkreis. <\/strong>\u201eDie Seniorenbeir\u00e4te sind ein wichtiges Sprachrohr und gute Ratgeber f\u00fcr die Kreis- und Kommunalpolitik\u201c, sagte Landrat Rudolf Marx und lobte die vielf\u00e4ltigen \u00f6rtlichen Initiativen. Kreisbeigeordnete Rosemarie M\u00fcller unterstrich, dass sich vor dem Hintergrund des demografischen Wandels und der sich \u00e4ndernden Familienstrukturen auch die Anspr\u00fcche, W\u00fcnsche und Forderungen der \u00e4lteren Mitb\u00fcrger \u00e4nderten. Seniorenbeir\u00e4te seien kompetente Partner, wenn es um die Gestaltung der Lebensgrundlagen in denn St\u00e4dten und Gemeinden gehe.<!--more--><\/p>\n<p>Der Landrat und die Seniorenbeauftragte des Vogelsbergkreises hatten Seniorenbeir\u00e4te aus verschiedenen Vogelsberger St\u00e4dten und Gemeinden zu einem Neujahrstreffen in die Kreisverwaltung eingeladen. Hintergrund waren zahlreiche vorausgegangene Kontakte der Seniorenbeauftragten mit den Seniorenbeir\u00e4ten vor Ort. Im Mittelpunkt des Gespr\u00e4chs im Kreishaus standen die Aufgaben des neu eingerichteten Pflegest\u00fctzpunktes. Die beiden Mitarbeiterinnen der neuen Beratungsstelle im Landratsamt, Monique Abel und Sabine Leskien, stellten sich und ihre Arbeit vor.<\/p>\n<p>Sozialamtsleiter Werner K\u00f6hler und Sachgebietsleiter Hans Dieter Herget vom Amt f\u00fcr Soziale Sicherung erl\u00e4uterten die gesetzlichen Grundlagen und die Abl\u00e4ufe. Herget war dankbar f\u00fcr das gro\u00dfe Interesse der Seniorenbeir\u00e4te an dem neuen Pflegest\u00fctzpunkt und bat darum, die Einrichtung weiter im Landkreis bekannt zu machen und \u00e4u\u00dferte auch die Bereitschaft, vor Ort in Beiratssitzungen \u00fcber die Arbeit zu informieren.<\/p>\n","protected":false},"excerpt":{"rendered":"<div class=\"tmnf_excerpt\"><p>Vogelsbergkreis. \u201eDie Seniorenbeir\u00e4te sind ein wichtiges Sprachrohr und gute Ratgeber f\u00fcr die Kreis- und Kommunalpolitik\u201c, sagte Landrat Rudolf Marx und lobte die vielf\u00e4ltigen \u00f6rtlichen Initiativen. Kreisbeigeordnete Rosemarie M\u00fcller unterstrich, dass sich vor dem Hintergrund des demografischen Wandels und der sich \u00e4ndernden Familienstrukturen auch die Anspr\u00fcche, W\u00fcnsche und Forderungen der \u00e4lteren Mitb\u00fcrger \u00e4nderten. Seniorenbeir\u00e4te seien kompetente &hellip;<\/p>\n<\/div>","protected":false},"author":1,"featured_media":0,"comment_status":"closed","ping_status":"closed","sticky":false,"template":"","format":"standard","meta":{"footnotes":""},"categories":[1],"tags":[],"class_list":["post-81141","post","type-post","status-publish","format-standard","hentry","category-startseite"],"_links":{"self":[{"href":"https:\/\/www.fuldaernachrichten.de\/index.php?rest_route=\/wp\/v2\/posts\/81141","targetHints":{"allow":["GET"]}}],"collection":[{"href":"https:\/\/www.fuldaernachrichten.de\/index.php?rest_route=\/wp\/v2\/posts"}],"about":[{"href":"https:\/\/www.fuldaernachrichten.de\/index.php?rest_route=\/wp\/v2\/types\/post"}],"author":[{"embeddable":true,"href":"https:\/\/www.fuldaernachrichten.de\/index.php?rest_route=\/wp\/v2\/users\/1"}],"replies":[{"embeddable":true,"href":"https:\/\/www.fuldaernachrichten.de\/index.php?rest_route=%2Fwp%2Fv2%2Fcomments&post=81141"}],"version-history":[{"count":2,"href":"https:\/\/www.fuldaernachrichten.de\/index.php?rest_route=\/wp\/v2\/posts\/81141\/revisions"}],"predecessor-version":[{"id":81369,"href":"https:\/\/www.fuldaernachrichten.de\/index.php?rest_route=\/wp\/v2\/posts\/81141\/revisions\/81369"}],"wp:attachment":[{"href":"https:\/\/www.fuldaernachrichten.de\/index.php?rest_route=%2Fwp%2Fv2%2Fmedia&parent=81141"}],"wp:term":[{"taxonomy":"category","embeddable":true,"href":"https:\/\/www.fuldaernachrichten.de\/index.php?rest_route=%2Fwp%2Fv2%2Fcategories&post=81141"},{"taxonomy":"post_tag","embeddable":true,"href":"https:\/\/www.fuldaernachrichten.de\/index.php?rest_route=%2Fwp%2Fv2%2Ftags&post=81141"}],"curies":[{"name":"wp","href":"https:\/\/api.w.org\/{rel}","templated":true}]}}