{"id":8103,"date":"2008-03-05T00:15:39","date_gmt":"2008-03-04T23:15:39","guid":{"rendered":"http:\/\/www.schoene-nachrichten.de\/?p=8103"},"modified":"2008-03-04T23:50:03","modified_gmt":"2008-03-04T22:50:03","slug":"wertstoffhof-in-burghaun-eingeweiht","status":"publish","type":"post","link":"https:\/\/www.fuldaernachrichten.de\/?p=8103","title":{"rendered":"Wertstoffhof in Burghaun eingeweiht"},"content":{"rendered":"<p><strong><a rel=\"lightbox[roadtrip]\" target=\"_blank\" href=\"http:\/\/www.schoene-nachrichten.de\/wp-content\/uploads\/2008\/03\/080304_wertstoffhof.jpg\" title=\"080304_wertstoffhof.jpg\"><img decoding=\"async\" align=\"left\" src=\"http:\/\/www.schoene-nachrichten.de\/wp-content\/uploads\/2008\/03\/080304_wertstoffhof.thumbnail.jpg\" hspace=\"5\" alt=\"080304_wertstoffhof.jpg\" \/><\/a>Burghaun.<\/strong> Am vergangenen Samstag, den 01. M\u00e4rz 2008 wurde in Burghaun von B\u00fcrgermeister Alexander Hohmann im Rahmen eines \u201eTag der offenen T\u00fcr\u201c der neue Wertstoffhof eingeweiht. Alexander Hohmann begr\u00fc\u00dfte alle Anwesenden unter anderem den 1.Kreisbeigeordneten\u00c2\u00a0 Dr. Heiko Wingenfeld, den 1. Beigeordneten Mathias Rauschenberg, den stellvertretenden Vorsitzende der Gemeindevertretung Herr Karl-Heinz Schott sowie die ausf\u00fchrende Baufirmen R\u00e4uber und das Planungsb\u00fcro Emmerich.<!--more--><\/p>\n<p>B\u00fcrgermeister Hohmann bezeichnete den Neubau des Wertstoffhofes als einen wichtigen Schritt in der Abfallentsorgung. Der bisherige Wertstoffhof\u00c2\u00a0 sei optisch kein Aush\u00e4ngeschild f\u00fcr die Gemeinde Burghaun gewesen. Es dringend notwendig gewesen, eine angemessene Situation zur Abfallentsorgung f\u00fcr die B\u00fcrgerinnen und B\u00fcrger zu schaffen. Zielsetzung in dem Zusammenhang war es auch, den Umweltschutz zu f\u00f6rdern, indem nun Abf\u00e4lle regelkonform entsorgt w\u00fcrden.<\/p>\n<p>Bereits im Jahre 2005 kam die Idee zur Erneuerung des Wertstoffhofes auf. Nachdem man sich Ende 2006 verschiedene Wertstoffh\u00f6fe in der Region angeschaut hatte und so einige Ideen zusammen getragen wurden, stimmte der Gemeindevorstand am 12.06.2007 der Planung des neuen Wertstoffhofes zu. Die Gesamtkosten der Anlage belaufen sich auf \u00e2\u201a\u00ac 115.000,- wovon \u00e2\u201a\u00ac 80.000,- vom Zweckverband Abfallsammlung des Landkreises Fulda gef\u00f6rdert werden.<\/p>\n<p>Im August 2007 wurde der Bauantrag gestellt. Die Firma R\u00e4uber bekam nach \u00f6ffentlicher Ausschreibung den Zuschlag zur Errichtung des Wertstoffhofes. B\u00fcrgermeister Alexander Hohmann bedankte sich f\u00fcr den reibungslosen Ablauf und betonte die Leistungsf\u00e4higkeit und Verl\u00e4sslichkeit der Firma R\u00e4uber.<\/p>\n<p>Dr. Wingenfeld zeigte sich besonders erfreut \u00fcber die zentrale Lage des neuen Wertstoffhofs in der Mitte von Burghaun. Der Standort des Wertstoffhofes sei so f\u00fcr alle B\u00fcrger und B\u00fcrgerinnen der Marktgemeinde einfach zu erreichen und zu nutzen. Die Lage am \u00f6rtlichen Bauhof unterst\u00fctze den nachhaltigen Umgang mit der Abfallentsorgung. Dr. Wingenfeld betonte die beeindruckende Entwicklung aller Wertstoffh\u00f6fe in der Region.<\/p>\n<p>Insgesamt gebe es nun 16 Anlagen im Landkreis. Der Zweckverband Abfallwirtschaft des Landkreises Fulda \u00fcbernehme 90 % der Investitionskosten eines solchen Baus. Der Neubau des Burghauner Wertstoffhofs ist lt. Dr. Wingenfeld ein insgesamt gelungenes Projekt. Dr. Wingenfeld sieht in der Anlage eine gute Zukunft f\u00fcr die \u00f6rtliche Abfallentsorgung.<\/p>\n<p>Abschlie\u00dfend bedankte er sich bei allen Beteiligten des Landkreises sowie f\u00fcr die gute Zusammenarbeit mit der Marktgemeinde Burghaun. Anschlie\u00dfend lud B\u00fcrgermeister Hohmann alle Anwesenden zu einem gem\u00fctlichen Fr\u00fchst\u00fcck im \u00f6rtlichen Bauhof ein.<\/p>\n<p>Trotz des schlechten Wetters fanden \u00fcber den Tag viele B\u00fcrger und B\u00fcrgerinnen den Weg zur Besichtigung des neuen Wertstoffhofes. Dabei wurden den G\u00e4sten auch die Einsatzger\u00e4te des Burghauner Bauhofes vorgestellt.<\/p>\n","protected":false},"excerpt":{"rendered":"<div class=\"tmnf_excerpt\"><p>Burghaun. Am vergangenen Samstag, den 01. M\u00e4rz 2008 wurde in Burghaun von B\u00fcrgermeister Alexander Hohmann im Rahmen eines \u201eTag der offenen T\u00fcr\u201c der neue Wertstoffhof eingeweiht. Alexander Hohmann begr\u00fc\u00dfte alle Anwesenden unter anderem den 1.Kreisbeigeordneten\u00c2\u00a0 Dr. Heiko Wingenfeld, den 1. Beigeordneten Mathias Rauschenberg, den stellvertretenden Vorsitzende der Gemeindevertretung Herr Karl-Heinz Schott sowie die ausf\u00fchrende Baufirmen &hellip;<\/p>\n<\/div>","protected":false},"author":1,"featured_media":0,"comment_status":"closed","ping_status":"closed","sticky":false,"template":"","format":"standard","meta":{"footnotes":""},"categories":[1,29,52],"tags":[],"class_list":["post-8103","post","type-post","status-publish","format-standard","hentry","category-startseite","category-politik","category-umwelt"],"_links":{"self":[{"href":"https:\/\/www.fuldaernachrichten.de\/index.php?rest_route=\/wp\/v2\/posts\/8103","targetHints":{"allow":["GET"]}}],"collection":[{"href":"https:\/\/www.fuldaernachrichten.de\/index.php?rest_route=\/wp\/v2\/posts"}],"about":[{"href":"https:\/\/www.fuldaernachrichten.de\/index.php?rest_route=\/wp\/v2\/types\/post"}],"author":[{"embeddable":true,"href":"https:\/\/www.fuldaernachrichten.de\/index.php?rest_route=\/wp\/v2\/users\/1"}],"replies":[{"embeddable":true,"href":"https:\/\/www.fuldaernachrichten.de\/index.php?rest_route=%2Fwp%2Fv2%2Fcomments&post=8103"}],"version-history":[{"count":0,"href":"https:\/\/www.fuldaernachrichten.de\/index.php?rest_route=\/wp\/v2\/posts\/8103\/revisions"}],"wp:attachment":[{"href":"https:\/\/www.fuldaernachrichten.de\/index.php?rest_route=%2Fwp%2Fv2%2Fmedia&parent=8103"}],"wp:term":[{"taxonomy":"category","embeddable":true,"href":"https:\/\/www.fuldaernachrichten.de\/index.php?rest_route=%2Fwp%2Fv2%2Fcategories&post=8103"},{"taxonomy":"post_tag","embeddable":true,"href":"https:\/\/www.fuldaernachrichten.de\/index.php?rest_route=%2Fwp%2Fv2%2Ftags&post=8103"}],"curies":[{"name":"wp","href":"https:\/\/api.w.org\/{rel}","templated":true}]}}