{"id":8101,"date":"2008-03-04T19:57:22","date_gmt":"2008-03-04T18:57:22","guid":{"rendered":"http:\/\/www.schoene-nachrichten.de\/?p=8101"},"modified":"2008-03-07T19:58:00","modified_gmt":"2008-03-07T18:58:00","slug":"stationaere-fussbehandlungseinrichtung-am-hjk-offizielle-anerkennung-der-ddg","status":"publish","type":"post","link":"https:\/\/www.fuldaernachrichten.de\/?p=8101","title":{"rendered":"\u201eStation\u00e4re Fu\u00dfbehandlungseinrichtung\u201c am HJK &#8211; Offizielle Anerkennung der DDG"},"content":{"rendered":"<p><strong><a rel=\"lightbox[roadtrip]\" target=\"_blank\" href=\"http:\/\/www.schoene-nachrichten.de\/wp-content\/uploads\/2008\/03\/080304_diabetes.jpg\" title=\"080304_diabetes.jpg\"><img decoding=\"async\" align=\"left\" src=\"http:\/\/www.schoene-nachrichten.de\/wp-content\/uploads\/2008\/03\/080304_diabetes.thumbnail.jpg\" hspace=\"5\" alt=\"080304_diabetes.jpg\" \/><\/a>Fulda.<\/strong> Die Deutsche Diabetes-Gesellschaft (DDG) hat die Abteilung Allgemeine Innere Medizin am Herz-Jesu-Krankenhaus (HJK) in Fulda als \u201eStation\u00e4re Fu\u00dfbehandlungseinrichtung\u201c anerkannt. Der Abteilung unter der Leitung von Prof. Dr. Joachim Glaser wurde k\u00fcrzlich eine entsprechende Urkunde verliehen. Laut Prof. Dr. Glaser gibt es in ganz Hessen bislang erst sieben von der DDG anerkannte station\u00e4re Fu\u00dfbehandlungseinrichtungen.<!--more--><\/p>\n<p>In der Abteilung Allgemeine Innere Medizin des HJK mit den Schwerpunkten Gastroenterologie und Diabetologie werden so genannte \u201ediabetische F\u00fc\u00dfe\u201c schon seit mehr als zehn Jahren behandelt. Da Diabetiker infolge langj\u00e4hrig erh\u00f6hter Blutzuckerwerte h\u00e4ufig unter Durchblutungsst\u00f6rungen oder Nervensch\u00e4digungen leiden, kann es insbesondere an den F\u00fc\u00dfen schnell zu Wunden kommen.<\/p>\n<p>Unter der Regie des leitenden Oberarztes Dr. Klaus Stienecker hat sich ein Team aus \u00c4rzten, Krankenschwestern, Diabetesberaterinnen und Di\u00e4tassistentinnen auf ein umfassendes, modernes Wundmanagement spezialisiert. Ziel der Behandlung ist es, die Verletzungen, die im Extremfall zu offenen Geschw\u00fcren werden k\u00f6nnen, zur Abheilung zu bringen und eine Amputation der betroffenen Gliedma\u00dfen zu vermeiden.<\/p>\n<p>Diabetes mellitus (Zuckerkrankheit) gilt hierzulande als Volkskrankheit Nummer 1. Experten sch\u00e4tzen die Zahl der Diabetiker in Deutschland auf etwa zehn Millionen Menschen.<\/p>\n<p>Zum Foto: v.l. Oberarzt Dr. Klaus Stienecker, Tanya Dehler, Heike Barenscher, Sigrid Mannel-G\u00fcnther, Sabine Tenberg, Sabine Kostroch<\/p>\n","protected":false},"excerpt":{"rendered":"<div class=\"tmnf_excerpt\"><p>Fulda. Die Deutsche Diabetes-Gesellschaft (DDG) hat die Abteilung Allgemeine Innere Medizin am Herz-Jesu-Krankenhaus (HJK) in Fulda als \u201eStation\u00e4re Fu\u00dfbehandlungseinrichtung\u201c anerkannt. Der Abteilung unter der Leitung von Prof. Dr. Joachim Glaser wurde k\u00fcrzlich eine entsprechende Urkunde verliehen. Laut Prof. Dr. Glaser gibt es in ganz Hessen bislang erst sieben von der DDG anerkannte station\u00e4re Fu\u00dfbehandlungseinrichtungen.<\/p>\n<\/div>","protected":false},"author":1,"featured_media":0,"comment_status":"closed","ping_status":"closed","sticky":false,"template":"","format":"standard","meta":{"footnotes":""},"categories":[1,51],"tags":[],"class_list":["post-8101","post","type-post","status-publish","format-standard","hentry","category-startseite","category-medizin"],"_links":{"self":[{"href":"https:\/\/www.fuldaernachrichten.de\/index.php?rest_route=\/wp\/v2\/posts\/8101","targetHints":{"allow":["GET"]}}],"collection":[{"href":"https:\/\/www.fuldaernachrichten.de\/index.php?rest_route=\/wp\/v2\/posts"}],"about":[{"href":"https:\/\/www.fuldaernachrichten.de\/index.php?rest_route=\/wp\/v2\/types\/post"}],"author":[{"embeddable":true,"href":"https:\/\/www.fuldaernachrichten.de\/index.php?rest_route=\/wp\/v2\/users\/1"}],"replies":[{"embeddable":true,"href":"https:\/\/www.fuldaernachrichten.de\/index.php?rest_route=%2Fwp%2Fv2%2Fcomments&post=8101"}],"version-history":[{"count":0,"href":"https:\/\/www.fuldaernachrichten.de\/index.php?rest_route=\/wp\/v2\/posts\/8101\/revisions"}],"wp:attachment":[{"href":"https:\/\/www.fuldaernachrichten.de\/index.php?rest_route=%2Fwp%2Fv2%2Fmedia&parent=8101"}],"wp:term":[{"taxonomy":"category","embeddable":true,"href":"https:\/\/www.fuldaernachrichten.de\/index.php?rest_route=%2Fwp%2Fv2%2Fcategories&post=8101"},{"taxonomy":"post_tag","embeddable":true,"href":"https:\/\/www.fuldaernachrichten.de\/index.php?rest_route=%2Fwp%2Fv2%2Ftags&post=8101"}],"curies":[{"name":"wp","href":"https:\/\/api.w.org\/{rel}","templated":true}]}}