{"id":80999,"date":"2011-01-19T11:00:04","date_gmt":"2011-01-19T11:00:04","guid":{"rendered":"http:\/\/www.fuldaer-nachrichten.de\/?p=80999"},"modified":"2011-01-19T11:00:04","modified_gmt":"2011-01-19T11:00:04","slug":"landkreis-fulda-hat-zur-durchfuehrung-des-zensus-2011-eine-erhebungsstelle-eingerichtet","status":"publish","type":"post","link":"https:\/\/www.fuldaernachrichten.de\/?p=80999","title":{"rendered":"Landkreis Fulda hat zur Durchf\u00fchrung des Zensus 2011 eine Erhebungsstelle eingerichtet"},"content":{"rendered":"<p><strong><a href=\"http:\/\/www.fuldaer-nachrichten.de\/wp-content\/uploads\/2011\/01\/110119_Zensus.jpg\"><img decoding=\"async\" class=\"alignleft size-thumbnail wp-image-81000\" title=\"110119_Zensus\" src=\"http:\/\/www.fuldaer-nachrichten.de\/wp-content\/uploads\/2011\/01\/110119_Zensus-265x176.jpg\" alt=\"\" width=\"265\" height=\"176\" srcset=\"https:\/\/www.fuldaernachrichten.de\/wp-content\/uploads\/2011\/01\/110119_Zensus-265x176.jpg 265w, https:\/\/www.fuldaernachrichten.de\/wp-content\/uploads\/2011\/01\/110119_Zensus.jpg 592w\" sizes=\"(max-width: 265px) 100vw, 265px\" \/><\/a>Fulda. <\/strong>In diesem Jahr findet in den Mitgliedsl\u00e4ndern der Europ\u00e4ischen Union eine Volks-, Geb\u00e4ude- und Wohnungsz\u00e4hlung statt. Beim Zensus 2011 handelt es sich um eine Erhebung, in deren Rahmen ermittelt werden soll, wie viele Menschen in einem Land leben, wie sie wohnen und arbeiten. Da die aktuellen Bev\u00f6lkerungs- und Wohnungszahlen auf zunehmend unsicheren Fortschreibungen basieren, wird sich auch Deutschland an diesem Zensus beteiligen. Von den Ergebnissen erhofft man sich wichtige Erkenntnisse f\u00fcr Entscheidungen in Bund, L\u00e4ndern und Kommunen.<\/p>\n<p>Foto: Max Colin Heydenreich<!--more--><\/p>\n<p>Mit dem Zensus 2011 wird in Deutschland ein neues statistisches Verfahren eingef\u00fchrt, bei dem haupts\u00e4chlich vorhandene Verwaltungsregister \u2013 vor allem der Einwohnermelde\u00e4mter sowie der Bundesagentur f\u00fcr Arbeit \u2013 genutzt werden. Dies hat zur Folge, dass im Gegensatz zur letzten Volksz\u00e4hlung, die f\u00fcr den Bereich der fr\u00fcheren Bundesrepublik 1987 stattgefunden hat, lediglich rund elf Prozent der Bev\u00f6lkerung pers\u00f6nlich befragt werden. Zur Durchf\u00fchrung des Zensus richten die Landkreise und St\u00e4dte mit \u00fcber 50.000 Einwohnern jeweils eine Erhebungsstelle ein. Dies ist sowohl f\u00fcr den Landkreis als auch die Stadt Fulda der Fall.<\/p>\n<p>Bei der Kreisverwaltung hat die Erhebungsstelle ihre T\u00e4tigkeit am 1. November 2010 offiziell aufgenommen. Sie ist dem Fachdienst Kommunalaufsicht, Wahlen und Gefahrenabwehr zugeordnet und wird von Nicole Heil sowie Christine Kusturica geleitet. Voraussichtlich noch im Verlauf dieses Monats sollen die frisch renovierten R\u00e4umlichkeiten im Landratsamt bezogen werden, die aufgrund datenschutzrechtlicher Bestimmungen vom \u00fcbrigen Bereich der Verwaltung abgetrennt sein m\u00fcssen. Neben administrativen und organisatorischen Fragen geht es im Moment vor allem um die Schulung der Erhebungsstellenleitung und der ehrenamtlichen Erhebungsbeauftragten.<\/p>\n<p>Insgesamt werden von Anfang Mai bis Anfang August rund 200 Erhebungsbeauftragte unterwegs sein, um im Kreisgebiet (ohne die Stadt Fulda) knapp 18.000 Personen zu befragen. Das Statistische Landesamt w\u00e4hlt die Adressen anhand bestimmter Kriterien aus und leitet sie an die Erhebungsstelle weiter. Daraufhin erhalten die ausgew\u00e4hlten Personen ein Informationsschreiben und die Erhebungsbeauftragten vereinbaren einen Interviewtermin. Die eigentliche Befragung soll nicht l\u00e4nger als eine Viertelstunde dauern, wobei Auskunftspflicht besteht. Au\u00dferdem gibt es noch postalische Befragungen zum Beispiel von Hausbesitzern.<\/p>\n<p>Themenbereiche, die bei den Interviews angesprochen werden, sind unter anderem Alter, Geschlecht, Herkunftsland, Familienstand, Haushaltsgr\u00f6\u00dfe, Bildungsabschluss und Berufst\u00e4tigkeit. Nach der Befragung geben die Erhebungsbeauftragen die ausgef\u00fcllten Frageb\u00f6gen an die Erhebungsstelle zur\u00fcck. Von dort gehen sie an das Statistische Landesamt. Erste Ergebnisse werden im November n\u00e4chsten Jahres vorliegen. Die detaillierten Auswertungen folgen dann ab Mai 2013. Gespannt ist Nicole Heil insbesondere auf die Entwicklung der aktuellen Einwohnerzahlen, denn davon h\u00e4ngt unter anderem die H\u00f6he der zugewiesenen F\u00f6rdermittel ab.<\/p>\n<p>Ausf\u00fchrliche Informationen zum Zensus 2011 stehen auf der Internetseite unter <a href=\"http:\/\/www.zensus2011.de\/\">www.zensus2011.de<\/a> zur Verf\u00fcgung.<\/p>\n","protected":false},"excerpt":{"rendered":"<div class=\"tmnf_excerpt\"><p>Fulda. In diesem Jahr findet in den Mitgliedsl\u00e4ndern der Europ\u00e4ischen Union eine Volks-, Geb\u00e4ude- und Wohnungsz\u00e4hlung statt. Beim Zensus 2011 handelt es sich um eine Erhebung, in deren Rahmen ermittelt werden soll, wie viele Menschen in einem Land leben, wie sie wohnen und arbeiten. Da die aktuellen Bev\u00f6lkerungs- und Wohnungszahlen auf zunehmend unsicheren Fortschreibungen basieren, &hellip;<\/p>\n<\/div>","protected":false},"author":1,"featured_media":0,"comment_status":"closed","ping_status":"closed","sticky":false,"template":"","format":"standard","meta":{"footnotes":""},"categories":[1,29],"tags":[],"class_list":["post-80999","post","type-post","status-publish","format-standard","hentry","category-startseite","category-politik"],"_links":{"self":[{"href":"https:\/\/www.fuldaernachrichten.de\/index.php?rest_route=\/wp\/v2\/posts\/80999","targetHints":{"allow":["GET"]}}],"collection":[{"href":"https:\/\/www.fuldaernachrichten.de\/index.php?rest_route=\/wp\/v2\/posts"}],"about":[{"href":"https:\/\/www.fuldaernachrichten.de\/index.php?rest_route=\/wp\/v2\/types\/post"}],"author":[{"embeddable":true,"href":"https:\/\/www.fuldaernachrichten.de\/index.php?rest_route=\/wp\/v2\/users\/1"}],"replies":[{"embeddable":true,"href":"https:\/\/www.fuldaernachrichten.de\/index.php?rest_route=%2Fwp%2Fv2%2Fcomments&post=80999"}],"version-history":[{"count":2,"href":"https:\/\/www.fuldaernachrichten.de\/index.php?rest_route=\/wp\/v2\/posts\/80999\/revisions"}],"predecessor-version":[{"id":81083,"href":"https:\/\/www.fuldaernachrichten.de\/index.php?rest_route=\/wp\/v2\/posts\/80999\/revisions\/81083"}],"wp:attachment":[{"href":"https:\/\/www.fuldaernachrichten.de\/index.php?rest_route=%2Fwp%2Fv2%2Fmedia&parent=80999"}],"wp:term":[{"taxonomy":"category","embeddable":true,"href":"https:\/\/www.fuldaernachrichten.de\/index.php?rest_route=%2Fwp%2Fv2%2Fcategories&post=80999"},{"taxonomy":"post_tag","embeddable":true,"href":"https:\/\/www.fuldaernachrichten.de\/index.php?rest_route=%2Fwp%2Fv2%2Ftags&post=80999"}],"curies":[{"name":"wp","href":"https:\/\/api.w.org\/{rel}","templated":true}]}}