{"id":80977,"date":"2011-01-20T08:37:45","date_gmt":"2011-01-20T08:37:45","guid":{"rendered":"http:\/\/www.fuldaer-nachrichten.de\/?p=80977"},"modified":"2011-01-20T08:37:45","modified_gmt":"2011-01-20T08:37:45","slug":"telefonseelsorge-sucht-ehrenamtliche-mitarbeiter-interview-das-macht-sinn","status":"publish","type":"post","link":"https:\/\/www.fuldaernachrichten.de\/?p=80977","title":{"rendered":"Telefonseelsorge sucht ehrenamtliche Mitarbeiter &#8211; Interview: &#8220;Das macht Sinn&#8221;"},"content":{"rendered":"<p><strong><img decoding=\"async\" class=\"alignleft size-full wp-image-81117\" title=\"110120_Telefonseelsorge\" src=\"http:\/\/www.fuldaer-nachrichten.de\/wp-content\/uploads\/2011\/01\/110120_Telefonseelsorge.jpg\" alt=\"\" width=\"250\" height=\"150\" \/>Fulda. <\/strong>Telefonseelsorge Fulda sucht ehrenamtliche Mitarbeiterinnen und Mitarbeiter. Zwischen 50 und 60 mal klingelt es t\u00e4glich bei der Telefonseelsorge Fulda. Silke (Name ge\u00e4ndert) ist langj\u00e4hrige freiwillige Mitarbeiterin der Beratungsstelle. \u00dcber ihre Aufgaben und Erfahrungen mit ihrem Engagement berichtet sie in diesem Interview.<!--more--><\/p>\n<p><strong>Was hat Sie dazu bewogen, sich in der Telefonseelsorge zu engagieren?<\/strong><\/p>\n<p>Ich wollte mich sozial engagieren, bin kontaktfreudig und mit Menschen umzugehen war mir schon immer wichtig. Telefonieren habe ich mir zugetraut. Dass es eine vorbereitende Ausbildung gab, hat mir sehr gefallen.<\/p>\n<p><strong>Wie wurden Sie auf die anspruchsvolle Arbeit vorbereitet?<\/strong><\/p>\n<p>Ich habe die Ausbildung f\u00fcr Ehrenamtliche mitgemacht. Dabei ging es zun\u00e4chst darum, meine St\u00e4rken wie auch meine Schw\u00e4chen genauer kennenzulernen. Danach wurde in \u00dcbungen Gespr\u00e4chsf\u00fchrung gelernt und erprobt. Ausgestattet mit vielen entsprechenden Informationen waren wir AusbildungsteilnehmerInnen nach einem Jahr dann gut vorbereitet, um den Dienst am Telefon zu beginnen.<\/p>\n<p><strong> <\/strong><\/p>\n<p><strong>Wie gelingt es Ihnen, sich immer wieder auf andere Menschen mit ihren ganz unterschiedlichen Problemen einzustellen? <\/strong><\/p>\n<p>Die Unterschiedlichkeit der Anrufenden ist eine gro\u00dfe Herausforderung. Als Unterst\u00fctzung nehme ich, wie alle anderen auch, an einer regelm\u00e4\u00dfigen Supervisionsgruppe teil. Au\u00dferdem stehen die Hauptamtlichen f\u00fcr schwierige Fragen zur Verf\u00fcgung.<\/p>\n<p><strong> <\/strong><\/p>\n<p><strong>Ist es m\u00f6glich, dabei eine gewisse Distanz zu bewahren und zu verhindern, dass Sie die Probleme anderer auch nach Dienstschluss noch besch\u00e4ftigen? <\/strong><\/p>\n<p>Bei den meisten Gespr\u00e4chen ist das relativ problemlos m\u00f6glich. Ein guter Dienstabschluss und meine Anonymit\u00e4t als Ehrenamtliche helfen mir in der Regel, die Dinge in der Dienststelle zu lassen. Allerdings gibt es auch schwere Gespr\u00e4che, die mir auch zu Hause noch nachgehen. Da muss ich schon aufpassen und unter Umst\u00e4nden ein Entlastungsgespr\u00e4ch mit den Hauptamtlichen f\u00fchren.<\/p>\n<p><strong> <\/strong><\/p>\n<p><strong>Wie ist die Zusammenarbeit mit den anderen freiwilligen Kolleginnen und Kollegen? Bleibt bei der intensiven Beratungsarbeit \u00fcberhaupt noch Zeit zum Austausch? <\/strong><\/p>\n<p>Bei der Dienst\u00fcbergabe gibt es nur wenig Zeit f\u00fcr einen kurzen Plausch, aber im Rahmen der Supervisionsgruppen und bei den internen Fortbildungen sowie bei den geselligen Treffen wird bei uns Gemeinschaft und Austausch gepflegt und gro\u00dfgeschrieben.<\/p>\n<p><strong> <\/strong><\/p>\n<p><strong>Sind die Nachtschichten nicht oft anstrengend? Wie halten Sie das durch? <\/strong><\/p>\n<p>Ja, das stimmt. Nachtschichten sind alleine wegen des fehlenden Schlafes k\u00f6rperlich anstrengend. Manche stecken das leichter weg. Ich selber plane f\u00fcr den n\u00e4chsten Tag viel Ruhezeit ein und genie\u00dfe das gute Gef\u00fchl, einen sinnvollen und wertvollen Dienst geleistet zu haben.<\/p>\n<p><strong> <\/strong><\/p>\n<p><strong>Was beeindruckt Sie besonders?<\/strong><\/p>\n<p>Ich bin \u00fcberrascht, wie sehr mich dieser Dienst selbst bereichert und pers\u00f6nlich weiter bringt. F\u00fcr andere Zeit haben, gibt ein gutes Gef\u00fchl. Aus den Fragen und Situationen der Anrufenden lerne ich immer wieder auch f\u00fcr meinen eigenen Alltag.<\/p>\n<p><strong> <\/strong><\/p>\n<p>75 ehrenamtliche MitarbeiterInnnen und Mitarbeiter tragen in Fulda wesentlich dazu bei, dass die Telefonseelsorge ihren Dienst anbieten kann. Auch in Zukunft werden weitere freiwillige Kr\u00e4fte ben\u00f6tigt.<\/p>\n<p><strong>Interessenten f\u00fcr diesen Dienst, die die Bereitschaft mitbringen, sich auf eine vorbereitende Ausbildung einzulassen, k\u00f6nnen sich bei der Telefonseelsorge Fulda (www.telefonseelsorge-fulda.de oder 0661-83 88 501) \u00fcber Details informieren und anmelden. Der n\u00e4chste Kurs beginnt voraussichtlich nach den Osterferien 2011.<\/strong><\/p>\n","protected":false},"excerpt":{"rendered":"<div class=\"tmnf_excerpt\"><p>Fulda. Telefonseelsorge Fulda sucht ehrenamtliche Mitarbeiterinnen und Mitarbeiter. Zwischen 50 und 60 mal klingelt es t\u00e4glich bei der Telefonseelsorge Fulda. Silke (Name ge\u00e4ndert) ist langj\u00e4hrige freiwillige Mitarbeiterin der Beratungsstelle. \u00dcber ihre Aufgaben und Erfahrungen mit ihrem Engagement berichtet sie in diesem Interview.<\/p>\n<\/div>","protected":false},"author":1,"featured_media":0,"comment_status":"closed","ping_status":"closed","sticky":false,"template":"","format":"standard","meta":{"footnotes":""},"categories":[1],"tags":[],"class_list":["post-80977","post","type-post","status-publish","format-standard","hentry","category-startseite"],"_links":{"self":[{"href":"https:\/\/www.fuldaernachrichten.de\/index.php?rest_route=\/wp\/v2\/posts\/80977","targetHints":{"allow":["GET"]}}],"collection":[{"href":"https:\/\/www.fuldaernachrichten.de\/index.php?rest_route=\/wp\/v2\/posts"}],"about":[{"href":"https:\/\/www.fuldaernachrichten.de\/index.php?rest_route=\/wp\/v2\/types\/post"}],"author":[{"embeddable":true,"href":"https:\/\/www.fuldaernachrichten.de\/index.php?rest_route=\/wp\/v2\/users\/1"}],"replies":[{"embeddable":true,"href":"https:\/\/www.fuldaernachrichten.de\/index.php?rest_route=%2Fwp%2Fv2%2Fcomments&post=80977"}],"version-history":[{"count":2,"href":"https:\/\/www.fuldaernachrichten.de\/index.php?rest_route=\/wp\/v2\/posts\/80977\/revisions"}],"predecessor-version":[{"id":81118,"href":"https:\/\/www.fuldaernachrichten.de\/index.php?rest_route=\/wp\/v2\/posts\/80977\/revisions\/81118"}],"wp:attachment":[{"href":"https:\/\/www.fuldaernachrichten.de\/index.php?rest_route=%2Fwp%2Fv2%2Fmedia&parent=80977"}],"wp:term":[{"taxonomy":"category","embeddable":true,"href":"https:\/\/www.fuldaernachrichten.de\/index.php?rest_route=%2Fwp%2Fv2%2Fcategories&post=80977"},{"taxonomy":"post_tag","embeddable":true,"href":"https:\/\/www.fuldaernachrichten.de\/index.php?rest_route=%2Fwp%2Fv2%2Ftags&post=80977"}],"curies":[{"name":"wp","href":"https:\/\/api.w.org\/{rel}","templated":true}]}}