{"id":8075,"date":"2008-03-03T00:09:18","date_gmt":"2008-03-02T23:09:18","guid":{"rendered":"http:\/\/www.schoene-nachrichten.de\/?p=8075"},"modified":"2008-03-03T00:09:18","modified_gmt":"2008-03-02T23:09:18","slug":"versprochen-ist-verprochen-buergermeister-dippel-sorgt-fuer-mehr-verkehrssicherheit","status":"publish","type":"post","link":"https:\/\/www.fuldaernachrichten.de\/?p=8075","title":{"rendered":"&#8220;Versprochen ist verprochen&#8221; &#8211; B\u00fcrgermeister Dippel sorgt f\u00fcr mehr Verkehrssicherheit"},"content":{"rendered":"<p><strong>Fulda.<\/strong> Dass Politiker oft mehr versprechen, als sie halten k\u00f6nnen, ist hinl\u00e4nglich bekannt. Doch wenn Fuldas B\u00fcrgermeister Dr. Wolfgang Dippel etwas zusichert, dann h\u00e4lt er sein Wort, wie er selbst sagt. Jetzt hat er jedenfalls ein Versprechen eingel\u00f6st, das er um die Weihnachtszeit unserem Fotografen Max Colin Heydenreich gab.<\/p>\n<p><strong>Fotos (6):<\/strong> Max Colin Heydenreich<\/p>\n<p><a rel=\"lightbox[roadtrip]\" target=\"_blank\" href=\"http:\/\/www.schoene-nachrichten.de\/wp-content\/uploads\/2008\/03\/080302_Dippel_05.jpg\" title=\"Foto: Max Colin Heydenreich\"><img decoding=\"async\" width=\"128\" src=\"http:\/\/www.schoene-nachrichten.de\/wp-content\/uploads\/2008\/03\/080302_Dippel_05.thumbnail.jpg\" alt=\"080302_Dippel_05.jpg\" \/><\/a>\u00c2\u00a0<a rel=\"lightbox[roadtrip]\" target=\"_blank\" href=\"http:\/\/www.schoene-nachrichten.de\/wp-content\/uploads\/2008\/03\/080302_Dippel_04.jpg\" title=\"Foto: Max Colin Heydenreich\"><img decoding=\"async\" width=\"128\" src=\"http:\/\/www.schoene-nachrichten.de\/wp-content\/uploads\/2008\/03\/080302_Dippel_04.thumbnail.jpg\" alt=\"080302_Dippel_04.jpg\" \/><\/a> <a rel=\"lightbox[roadtrip]\" target=\"_blank\" href=\"http:\/\/www.schoene-nachrichten.de\/wp-content\/uploads\/2008\/03\/080302_Dippel_06.jpg\" title=\"Foto: Max Colin Heydenreich\"><img decoding=\"async\" width=\"128\" src=\"http:\/\/www.schoene-nachrichten.de\/wp-content\/uploads\/2008\/03\/080302_Dippel_06.thumbnail.jpg\" alt=\"080302_Dippel_06.jpg\" \/><\/a><\/p>\n<p><!--more-->Was in Fachkreisen liebevoll \u201eBlinki\u201c genannt wird, leuchtet seit kurzem am Fu\u00dfg\u00e4nger\u00fcberweg Pauluspromenade\/ Ecke Dybaallee. Jahrelang mussten Autofahrer ohne diese spezielle \u201eWarnblinkanlage\u201c an der Ampel auskommen und so manches Mal sah man die Fahrzeuglenker in die Eisen steigen oder Fu\u00dfg\u00e4nger flitzen, weil die Sicht schlecht oder die \u201eVorfahrtsregelung\u201c nicht eindeutig war.<\/p>\n<p><a rel=\"lightbox[roadtrip]\" target=\"_blank\" href=\"http:\/\/www.schoene-nachrichten.de\/wp-content\/uploads\/2008\/03\/080302_Dippel_01.jpg\" title=\"Foto: Max Colin Heydenreich\"><img decoding=\"async\" width=\"128\" src=\"http:\/\/www.schoene-nachrichten.de\/wp-content\/uploads\/2008\/03\/080302_Dippel_01.thumbnail.jpg\" alt=\"080302_Dippel_01.jpg\" \/><\/a> <a rel=\"lightbox[roadtrip]\" target=\"_blank\" href=\"http:\/\/www.schoene-nachrichten.de\/wp-content\/uploads\/2008\/03\/080302_Dippel_02.jpg\" title=\"Foto: Max Colin Heydenreich\"><img decoding=\"async\" width=\"128\" src=\"http:\/\/www.schoene-nachrichten.de\/wp-content\/uploads\/2008\/03\/080302_Dippel_02.thumbnail.jpg\" alt=\"080302_Dippel_02.jpg\" \/><\/a> <a rel=\"lightbox[roadtrip]\" target=\"_blank\" href=\"http:\/\/www.schoene-nachrichten.de\/wp-content\/uploads\/2008\/03\/080302_Dippel_03.jpg\" title=\"Foto: Max Colin Heydenreich\"><img decoding=\"async\" width=\"128\" src=\"http:\/\/www.schoene-nachrichten.de\/wp-content\/uploads\/2008\/03\/080302_Dippel_03.thumbnail.jpg\" alt=\"080302_Dippel_03.jpg\" \/><\/a><\/p>\n<p>Jetzt sind die Autofahrer gewarnt, wenn Fu\u00dfg\u00e4nger oder Radfahrer Gr\u00fcn haben. Das Anliegen hatte der B\u00fcrgermeister, der auch Verkehrsdezernent ist, an alle Entscheidungstr\u00e4ger herangetragen &#8211; an die Arbeitsgemeinschaft Verkehr, in der u.a. Stadtbaur\u00e4tin Cornelia Zuschke, die Verkehrsplanung Fulda, die Polizeidirektion Fulda, die Stra\u00dfenverkehrsbeh\u00f6rde vertreten ist &#8211; und nicht zuletzt an Oberb\u00fcrgermeister Gerhard M\u00f6ller. Alle seien sich einig gewesen: Handeln, bevor es zu sp\u00e4t ist und die Verkehrssicherheit erh\u00f6hen. \u201eEs hat zwar lange gedauert\u201c, sagt Dippel, \u201eaber versprochen ist versprochen.\u201c<\/p>\n","protected":false},"excerpt":{"rendered":"<div class=\"tmnf_excerpt\"><p>Fulda. Dass Politiker oft mehr versprechen, als sie halten k\u00f6nnen, ist hinl\u00e4nglich bekannt. Doch wenn Fuldas B\u00fcrgermeister Dr. Wolfgang Dippel etwas zusichert, dann h\u00e4lt er sein Wort, wie er selbst sagt. Jetzt hat er jedenfalls ein Versprechen eingel\u00f6st, das er um die Weihnachtszeit unserem Fotografen Max Colin Heydenreich gab. Fotos (6): Max Colin Heydenreich \u00c2\u00a0<\/p>\n<\/div>","protected":false},"author":1,"featured_media":0,"comment_status":"closed","ping_status":"closed","sticky":false,"template":"","format":"standard","meta":{"footnotes":""},"categories":[1,29],"tags":[],"class_list":["post-8075","post","type-post","status-publish","format-standard","hentry","category-startseite","category-politik"],"_links":{"self":[{"href":"https:\/\/www.fuldaernachrichten.de\/index.php?rest_route=\/wp\/v2\/posts\/8075","targetHints":{"allow":["GET"]}}],"collection":[{"href":"https:\/\/www.fuldaernachrichten.de\/index.php?rest_route=\/wp\/v2\/posts"}],"about":[{"href":"https:\/\/www.fuldaernachrichten.de\/index.php?rest_route=\/wp\/v2\/types\/post"}],"author":[{"embeddable":true,"href":"https:\/\/www.fuldaernachrichten.de\/index.php?rest_route=\/wp\/v2\/users\/1"}],"replies":[{"embeddable":true,"href":"https:\/\/www.fuldaernachrichten.de\/index.php?rest_route=%2Fwp%2Fv2%2Fcomments&post=8075"}],"version-history":[{"count":0,"href":"https:\/\/www.fuldaernachrichten.de\/index.php?rest_route=\/wp\/v2\/posts\/8075\/revisions"}],"wp:attachment":[{"href":"https:\/\/www.fuldaernachrichten.de\/index.php?rest_route=%2Fwp%2Fv2%2Fmedia&parent=8075"}],"wp:term":[{"taxonomy":"category","embeddable":true,"href":"https:\/\/www.fuldaernachrichten.de\/index.php?rest_route=%2Fwp%2Fv2%2Fcategories&post=8075"},{"taxonomy":"post_tag","embeddable":true,"href":"https:\/\/www.fuldaernachrichten.de\/index.php?rest_route=%2Fwp%2Fv2%2Ftags&post=8075"}],"curies":[{"name":"wp","href":"https:\/\/api.w.org\/{rel}","templated":true}]}}