{"id":80585,"date":"2011-01-11T00:03:48","date_gmt":"2011-01-11T00:03:48","guid":{"rendered":"http:\/\/www.fuldaer-nachrichten.de\/?p=80585"},"modified":"2011-01-12T08:19:03","modified_gmt":"2011-01-12T08:19:03","slug":"grosse-abschlussgala-der-23-fuldaer-schultheatertage-am-3-februar-im-schlosstheater-fulda","status":"publish","type":"post","link":"https:\/\/www.fuldaernachrichten.de\/?p=80585","title":{"rendered":"Gro\u00dfe Abschlussgala der 23. Fuldaer Schultheatertage am 3. Februar im Schlosstheater Fulda"},"content":{"rendered":"<p><a href=\"http:\/\/www.fuldaer-nachrichten.de\/wp-content\/uploads\/2011\/01\/Pressefoto_Fuldaer_Schultheatertage.jpg\"><img decoding=\"async\" class=\"alignnone size-thumbnail wp-image-80586\" title=\"Pressefoto_Fuldaer_Schultheatertage\" src=\"http:\/\/www.fuldaer-nachrichten.de\/wp-content\/uploads\/2011\/01\/Pressefoto_Fuldaer_Schultheatertage.jpg\" alt=\"\" width=\"560\" srcset=\"https:\/\/www.fuldaernachrichten.de\/wp-content\/uploads\/2011\/01\/Pressefoto_Fuldaer_Schultheatertage.jpg 600w, https:\/\/www.fuldaernachrichten.de\/wp-content\/uploads\/2011\/01\/Pressefoto_Fuldaer_Schultheatertage-265x175.jpg 265w\" sizes=\"(max-width: 600px) 100vw, 600px\" \/><\/a><\/p>\n<p><strong>Fulda. <\/strong>Die diesj\u00e4hrigen 23. Fuldaer Schultheatertage 2011 stehen unter dem Motto \u201eBilderrausch \u2013 Wenn Bilder reden k\u00f6nnten\u201c ganz im Zeichen der Symbiose von Theater, Musik &amp; Bildender Kunst. Im Zentrum des poly\u00e4sthetischen Theaterprojekts stehen diesmal Werke der bildenden Kunst \u2013 Skulpturen, Gem\u00e4lde und Bilder als Impuls f\u00fcr Improvisationen, als Spielanreiz, als Quelle f\u00fcr das eigene theatrale Gestalten. An den diesj\u00e4hrigen Fuldaer Schultheatertagen nehmen 10 Sch\u00fclergruppen der Klassenstufen 3 \u2013 13 aus verschiedenen Schulen der Stadt und des Landkreises Fulda teil.<\/p>\n<p>Vom 1. &#8211; 3. Februar 2010 erhalten sie die M\u00f6glichkeit, sich intensiv gemeinsam mit professionellen Schauspielern und Theaterp\u00e4dagogen mit dieser Thematik auseinander zu setzen und mit allen zur Verf\u00fcgung stehenden Mitteln des Theaters \u2013 sei es durch Schwarzlicht-, Schatten-, Tanz-, Sprechtheater oder Pantomime\u00c2\u00a0 &#8220;zum Sprechen\u201c zu bringen. Folgende Schulen sind in diesem Jahr dabei: Rh\u00f6nschule Gersfeld, Wernher-von-Braun-Schule Neuhof, Otilienschule Niesig, Wigbertschule H\u00fcnfeld, Ulstertalschule Hilders, Katharinenschule Gl\u00e4serzell, Lichtenbergschule Eiterfeld, Geschwister-Scholl-Schule Fulda, Richard-M\u00fcller-Schule Fulda, Johannes-Hack-Schule Petersberg.<\/p>\n<p>Bei der gro\u00dfen Abschlussgala der 23. Fuldaer Schultheatertage am Donnerstag, 3. Februar 2011 um 14.00 Uhr im Schlosstheater Fulda werden die Ergebnisse des Theaterprojekts einem hoffentlich zahlreich erschienenen Publikum pr\u00e4sentiert, die Zuschauer sollen in einen wahrhaften &#8220;Bilderrausch&#8221; verfallen. Zuschauer sind herzlich willkommen, der Eintritt ist kostenlos.<\/p>\n","protected":false},"excerpt":{"rendered":"<div class=\"tmnf_excerpt\"><p>Fulda. Die diesj\u00e4hrigen 23. Fuldaer Schultheatertage 2011 stehen unter dem Motto \u201eBilderrausch \u2013 Wenn Bilder reden k\u00f6nnten\u201c ganz im Zeichen der Symbiose von Theater, Musik &amp; Bildender Kunst. Im Zentrum des poly\u00e4sthetischen Theaterprojekts stehen diesmal Werke der bildenden Kunst \u2013 Skulpturen, Gem\u00e4lde und Bilder als Impuls f\u00fcr Improvisationen, als Spielanreiz, als Quelle f\u00fcr das eigene &hellip;<\/p>\n<\/div>","protected":false},"author":1,"featured_media":0,"comment_status":"closed","ping_status":"closed","sticky":false,"template":"","format":"standard","meta":{"footnotes":""},"categories":[1,53,44,78],"tags":[],"class_list":["post-80585","post","type-post","status-publish","format-standard","hentry","category-startseite","category-bildung","category-kultur","category-topthema"],"_links":{"self":[{"href":"https:\/\/www.fuldaernachrichten.de\/index.php?rest_route=\/wp\/v2\/posts\/80585","targetHints":{"allow":["GET"]}}],"collection":[{"href":"https:\/\/www.fuldaernachrichten.de\/index.php?rest_route=\/wp\/v2\/posts"}],"about":[{"href":"https:\/\/www.fuldaernachrichten.de\/index.php?rest_route=\/wp\/v2\/types\/post"}],"author":[{"embeddable":true,"href":"https:\/\/www.fuldaernachrichten.de\/index.php?rest_route=\/wp\/v2\/users\/1"}],"replies":[{"embeddable":true,"href":"https:\/\/www.fuldaernachrichten.de\/index.php?rest_route=%2Fwp%2Fv2%2Fcomments&post=80585"}],"version-history":[{"count":3,"href":"https:\/\/www.fuldaernachrichten.de\/index.php?rest_route=\/wp\/v2\/posts\/80585\/revisions"}],"predecessor-version":[{"id":80588,"href":"https:\/\/www.fuldaernachrichten.de\/index.php?rest_route=\/wp\/v2\/posts\/80585\/revisions\/80588"}],"wp:attachment":[{"href":"https:\/\/www.fuldaernachrichten.de\/index.php?rest_route=%2Fwp%2Fv2%2Fmedia&parent=80585"}],"wp:term":[{"taxonomy":"category","embeddable":true,"href":"https:\/\/www.fuldaernachrichten.de\/index.php?rest_route=%2Fwp%2Fv2%2Fcategories&post=80585"},{"taxonomy":"post_tag","embeddable":true,"href":"https:\/\/www.fuldaernachrichten.de\/index.php?rest_route=%2Fwp%2Fv2%2Ftags&post=80585"}],"curies":[{"name":"wp","href":"https:\/\/api.w.org\/{rel}","templated":true}]}}