{"id":80502,"date":"2011-01-10T02:19:00","date_gmt":"2011-01-10T02:19:00","guid":{"rendered":"http:\/\/www.fuldaer-nachrichten.de\/?p=80502"},"modified":"2011-01-10T09:22:26","modified_gmt":"2011-01-10T09:22:26","slug":"20-jahre-jugendgruppe-msc-braach-gruendungsmitglied-heiko-mikosch-bleibt-jugendgruppenleiter","status":"publish","type":"post","link":"https:\/\/www.fuldaernachrichten.de\/?p=80502","title":{"rendered":"20 Jahre Jugendgruppe MSC Braach \u2013 Gr\u00fcndungsmitglied Heiko Mikosch bleibt Jugendgruppenleiter"},"content":{"rendered":"<p><a href=\"http:\/\/www.fuldaer-nachrichten.de\/wp-content\/uploads\/2011\/01\/Jugendvorstand-2011.jpg\"><img fetchpriority=\"high\" decoding=\"async\" class=\"alignleft size-thumbnail wp-image-80503\" title=\"Jugendvorstand 2011\" src=\"http:\/\/www.fuldaer-nachrichten.de\/wp-content\/uploads\/2011\/01\/Jugendvorstand-2011-265x198.jpg\" alt=\"\" width=\"265\" height=\"198\" srcset=\"https:\/\/www.fuldaernachrichten.de\/wp-content\/uploads\/2011\/01\/Jugendvorstand-2011-265x198.jpg 265w, https:\/\/www.fuldaernachrichten.de\/wp-content\/uploads\/2011\/01\/Jugendvorstand-2011.jpg 600w\" sizes=\"(max-width: 265px) 100vw, 265px\" \/><\/a>Rotenburg a.d. Fulda. Die Jugendgruppe des MSC Braach feiert in diesem Jahr ihr 20-j\u00e4hriges Bestehen. Im Jahre 1991 beginnt die Erfolgsgeschichte der Jugendgruppe. Die Gr\u00fcndungsmitglieder Heiko Mikosch und Bernhard H\u00e4de, die im Rahmen der Jahreshauptversammlung f\u00fcr ihre Verdienste geehrt wurden, kamen auf die Idee eine Jugendgruppe zu gr\u00fcnden und im Kart-Slalom aktiv zu werden.<!--more--><\/p>\n<p>Seitdem blickt die Jugendgruppe auf eine ganze Reihe von Erfolgen zur\u00fcck. So konnten zahlreiche Titel eingefahren werden. In 2007 gewann die Jugendgruppe den DMSB-Umweltpreis (DMSB= Deutsche Motor Sport Bund) f\u00fcr ihr CO2-neutrales Bio-Ethanol-Kart. In den letzten Jahren waren immer mehrere Kinder vom MSC f\u00fcr die Endl\u00e4ufe der Hessen-Th\u00fcringen-Meisterschaft im Kart-Slalom qualifiziert. Auch eine Qualifikation zum Bundesendlauf war schon dabei.<\/p>\n<p>Aktuell werden die Kinder von Sven Bremicker trainiert, der seit 1992 Mitglied in der Jugendgruppe ist und von Heiko Mikosch das Kartfahren gelernt hat.<\/p>\n<p><strong>Der neu gew\u00e4hlte Vorstand setzt sich wie folgt zusammen (Bild v.l.n.r.): <\/strong><\/p>\n<p>Heiko Mikosch &#8211; Jugendgruppenleiter<br \/>\nLars Kerber &#8211; Stellv. Jugendgruppenleiter<br \/>\nCiro Nappi &#8211; Jugendsprecher<br \/>\nThomas Ansch\u00fctz &#8211; Schatzmeister<br \/>\nLuca Pfromm &#8211; Jugendsprecher<br \/>\nManuela Bremicker &#8211; Schriftf\u00fchrerin<br \/>\nSven Bremicker &#8211; Pressewart<br \/>\nMike Mikosch &#8211; Kassenpr\u00fcfer<br \/>\nThomas Willi Hahn &#8211; Kassenpr\u00fcfer<\/p>\n","protected":false},"excerpt":{"rendered":"<div class=\"tmnf_excerpt\"><p>Rotenburg a.d. Fulda. Die Jugendgruppe des MSC Braach feiert in diesem Jahr ihr 20-j\u00e4hriges Bestehen. Im Jahre 1991 beginnt die Erfolgsgeschichte der Jugendgruppe. Die Gr\u00fcndungsmitglieder Heiko Mikosch und Bernhard H\u00e4de, die im Rahmen der Jahreshauptversammlung f\u00fcr ihre Verdienste geehrt wurden, kamen auf die Idee eine Jugendgruppe zu gr\u00fcnden und im Kart-Slalom aktiv zu werden.<\/p>\n<\/div>","protected":false},"author":1,"featured_media":0,"comment_status":"closed","ping_status":"closed","sticky":false,"template":"","format":"standard","meta":{"footnotes":""},"categories":[1,35],"tags":[],"class_list":["post-80502","post","type-post","status-publish","format-standard","hentry","category-startseite","category-auto"],"_links":{"self":[{"href":"https:\/\/www.fuldaernachrichten.de\/index.php?rest_route=\/wp\/v2\/posts\/80502","targetHints":{"allow":["GET"]}}],"collection":[{"href":"https:\/\/www.fuldaernachrichten.de\/index.php?rest_route=\/wp\/v2\/posts"}],"about":[{"href":"https:\/\/www.fuldaernachrichten.de\/index.php?rest_route=\/wp\/v2\/types\/post"}],"author":[{"embeddable":true,"href":"https:\/\/www.fuldaernachrichten.de\/index.php?rest_route=\/wp\/v2\/users\/1"}],"replies":[{"embeddable":true,"href":"https:\/\/www.fuldaernachrichten.de\/index.php?rest_route=%2Fwp%2Fv2%2Fcomments&post=80502"}],"version-history":[{"count":1,"href":"https:\/\/www.fuldaernachrichten.de\/index.php?rest_route=\/wp\/v2\/posts\/80502\/revisions"}],"predecessor-version":[{"id":80504,"href":"https:\/\/www.fuldaernachrichten.de\/index.php?rest_route=\/wp\/v2\/posts\/80502\/revisions\/80504"}],"wp:attachment":[{"href":"https:\/\/www.fuldaernachrichten.de\/index.php?rest_route=%2Fwp%2Fv2%2Fmedia&parent=80502"}],"wp:term":[{"taxonomy":"category","embeddable":true,"href":"https:\/\/www.fuldaernachrichten.de\/index.php?rest_route=%2Fwp%2Fv2%2Fcategories&post=80502"},{"taxonomy":"post_tag","embeddable":true,"href":"https:\/\/www.fuldaernachrichten.de\/index.php?rest_route=%2Fwp%2Fv2%2Ftags&post=80502"}],"curies":[{"name":"wp","href":"https:\/\/api.w.org\/{rel}","templated":true}]}}