{"id":80498,"date":"2011-01-10T08:57:56","date_gmt":"2011-01-10T08:57:56","guid":{"rendered":"http:\/\/www.fuldaer-nachrichten.de\/?p=80498"},"modified":"2011-01-10T08:57:56","modified_gmt":"2011-01-10T08:57:56","slug":"marcel-mayer-startet-saison-2011-mit-euro-winterpokal","status":"publish","type":"post","link":"https:\/\/www.fuldaernachrichten.de\/?p=80498","title":{"rendered":"Marcel Mayer startet Saison 2011 mit Euro Winterpokal"},"content":{"rendered":"<p><a href=\"http:\/\/www.fuldaer-nachrichten.de\/wp-content\/uploads\/2011\/01\/Marcel-und-Timo.jpg\"><img fetchpriority=\"high\" decoding=\"async\" class=\"alignleft size-thumbnail wp-image-80499\" title=\"Marcel und Timo\" src=\"http:\/\/www.fuldaer-nachrichten.de\/wp-content\/uploads\/2011\/01\/Marcel-und-Timo-265x198.jpg\" alt=\"\" width=\"265\" height=\"198\" srcset=\"https:\/\/www.fuldaernachrichten.de\/wp-content\/uploads\/2011\/01\/Marcel-und-Timo-265x198.jpg 265w, https:\/\/www.fuldaernachrichten.de\/wp-content\/uploads\/2011\/01\/Marcel-und-Timo.jpg 600w\" sizes=\"(max-width: 265px) 100vw, 265px\" \/><\/a>N\u00fcsttal. Der Nintendo Team Scheider Pilot, startet am kommenden Wochenende beim Euro Winterpokal in Kerpen. Nach einer f\u00fcr ihn viel zu langen Winterpause kann es der 9-j\u00e4hrige Nachwuchsfahrer kaum erwarten, endlich sein erstes Rennen der Saison zu bestreiten. Obwohl Mayer in dieser Saison f\u00fcr das Nintendo Team Scheider bei der Rotax Max Challenge in der Micro Klasse an den Start gehen wird, will er es sich nicht nehmen lassen,\u00c2\u00a0 sein erstes Rennen in diesem Jahr in der\u00c2\u00a0 Bambini-Klasse zu fahren.\u00c2\u00a0 In den kommenden Monaten stehen etliche Tests mit dem neuen M-Teck Kart und Gaststarts in Regionalserien auf dem Programm, bevor er dann am 17.04.2011 in Wackersdorf sein erstes Rotax Rennen bestreitet. Dass sein Teamchef Timo Scheider Erfolge in diesem Jahr von ihm erwartet, st\u00f6rt den Nachwuchspiloten kaum: ,,Ich bin dankbar und stolz, dass mein Chef mit meinen Erfolgen rechnet, ich werde ihn nicht entt\u00e4uschen&#8221;, sagt der sympathische Youngster selbstbewusst.<\/p>\n","protected":false},"excerpt":{"rendered":"<div class=\"tmnf_excerpt\"><p>N\u00fcsttal. Der Nintendo Team Scheider Pilot, startet am kommenden Wochenende beim Euro Winterpokal in Kerpen. Nach einer f\u00fcr ihn viel zu langen Winterpause kann es der 9-j\u00e4hrige Nachwuchsfahrer kaum erwarten, endlich sein erstes Rennen der Saison zu bestreiten. Obwohl Mayer in dieser Saison f\u00fcr das Nintendo Team Scheider bei der Rotax Max Challenge in der &hellip;<\/p>\n<\/div>","protected":false},"author":1,"featured_media":0,"comment_status":"closed","ping_status":"closed","sticky":false,"template":"","format":"standard","meta":{"footnotes":""},"categories":[1,46],"tags":[],"class_list":["post-80498","post","type-post","status-publish","format-standard","hentry","category-startseite","category-sport"],"_links":{"self":[{"href":"https:\/\/www.fuldaernachrichten.de\/index.php?rest_route=\/wp\/v2\/posts\/80498","targetHints":{"allow":["GET"]}}],"collection":[{"href":"https:\/\/www.fuldaernachrichten.de\/index.php?rest_route=\/wp\/v2\/posts"}],"about":[{"href":"https:\/\/www.fuldaernachrichten.de\/index.php?rest_route=\/wp\/v2\/types\/post"}],"author":[{"embeddable":true,"href":"https:\/\/www.fuldaernachrichten.de\/index.php?rest_route=\/wp\/v2\/users\/1"}],"replies":[{"embeddable":true,"href":"https:\/\/www.fuldaernachrichten.de\/index.php?rest_route=%2Fwp%2Fv2%2Fcomments&post=80498"}],"version-history":[{"count":2,"href":"https:\/\/www.fuldaernachrichten.de\/index.php?rest_route=\/wp\/v2\/posts\/80498\/revisions"}],"predecessor-version":[{"id":80501,"href":"https:\/\/www.fuldaernachrichten.de\/index.php?rest_route=\/wp\/v2\/posts\/80498\/revisions\/80501"}],"wp:attachment":[{"href":"https:\/\/www.fuldaernachrichten.de\/index.php?rest_route=%2Fwp%2Fv2%2Fmedia&parent=80498"}],"wp:term":[{"taxonomy":"category","embeddable":true,"href":"https:\/\/www.fuldaernachrichten.de\/index.php?rest_route=%2Fwp%2Fv2%2Fcategories&post=80498"},{"taxonomy":"post_tag","embeddable":true,"href":"https:\/\/www.fuldaernachrichten.de\/index.php?rest_route=%2Fwp%2Fv2%2Ftags&post=80498"}],"curies":[{"name":"wp","href":"https:\/\/api.w.org\/{rel}","templated":true}]}}