{"id":8046,"date":"2008-03-01T00:16:46","date_gmt":"2008-02-29T23:16:46","guid":{"rendered":"http:\/\/www.schoene-nachrichten.de\/?p=8046"},"modified":"2008-02-29T23:51:26","modified_gmt":"2008-02-29T22:51:26","slug":"ihk-informiert-ueber-internet-recht","status":"publish","type":"post","link":"https:\/\/www.fuldaernachrichten.de\/?p=8046","title":{"rendered":"IHK informiert \u00fcber Internet-Recht"},"content":{"rendered":"<p><strong>Termin.<\/strong> Die rasante Entwicklung der Internetnutzung f\u00fcr kommerzielle Zwecke hat die Gesch\u00e4ftswelt ver\u00e4ndert. Doch mit dem Internetauftritt betreten viele Unternehmen auch juristisches Neuland. Am 12. M\u00e4rz informieren die IHK Fulda und das\u00c2\u00a0 BIEG Hessen* im Seminar \u201eUpdate Internet-Recht\u201c von 16:00 bis 18:30 Uhr in der IHK Fulda, Heinrichstra\u00dfe 8, wie die Website rechtssicher gestaltet und im Falle einer Abmahnung richtig reagiert wird.<!--more--><\/p>\n<p>Die rechtlichen Aspekte im Internet werden oft nicht ausreichend ber\u00fccksichtigt. Die Fehler k\u00f6nnen viel \u00c4rger und Kosten verursachen. Informationen und Anmeldung unter <a target=\"_blank\" href=\"http:\/\/www.bieg-hessen.de\/\">http:\/\/www.bieg-hessen.de\/<\/a>. Ansprechpartnerin in der IHK Fulda ist Viola Br\u00e4hler, Telefon: 0661 284-31, E-Mail: <a href=\"mailto:braehler@fulda.ihk.de\">braehler@fulda.ihk.de<\/a>.<\/p>\n<p>*Das BIEG Hessen ist ein vom BMWI gef\u00f6rdertes neutrales Kompetenzzentrum, das Unternehmen rund um alle Themen des E-Commerce ber\u00e4t und informiert.<\/p>\n","protected":false},"excerpt":{"rendered":"<div class=\"tmnf_excerpt\"><p>Termin. Die rasante Entwicklung der Internetnutzung f\u00fcr kommerzielle Zwecke hat die Gesch\u00e4ftswelt ver\u00e4ndert. Doch mit dem Internetauftritt betreten viele Unternehmen auch juristisches Neuland. Am 12. M\u00e4rz informieren die IHK Fulda und das\u00c2\u00a0 BIEG Hessen* im Seminar \u201eUpdate Internet-Recht\u201c von 16:00 bis 18:30 Uhr in der IHK Fulda, Heinrichstra\u00dfe 8, wie die Website rechtssicher gestaltet und &hellip;<\/p>\n<\/div>","protected":false},"author":1,"featured_media":0,"comment_status":"closed","ping_status":"closed","sticky":false,"template":"","format":"standard","meta":{"footnotes":""},"categories":[1],"tags":[],"class_list":["post-8046","post","type-post","status-publish","format-standard","hentry","category-startseite"],"_links":{"self":[{"href":"https:\/\/www.fuldaernachrichten.de\/index.php?rest_route=\/wp\/v2\/posts\/8046","targetHints":{"allow":["GET"]}}],"collection":[{"href":"https:\/\/www.fuldaernachrichten.de\/index.php?rest_route=\/wp\/v2\/posts"}],"about":[{"href":"https:\/\/www.fuldaernachrichten.de\/index.php?rest_route=\/wp\/v2\/types\/post"}],"author":[{"embeddable":true,"href":"https:\/\/www.fuldaernachrichten.de\/index.php?rest_route=\/wp\/v2\/users\/1"}],"replies":[{"embeddable":true,"href":"https:\/\/www.fuldaernachrichten.de\/index.php?rest_route=%2Fwp%2Fv2%2Fcomments&post=8046"}],"version-history":[{"count":0,"href":"https:\/\/www.fuldaernachrichten.de\/index.php?rest_route=\/wp\/v2\/posts\/8046\/revisions"}],"wp:attachment":[{"href":"https:\/\/www.fuldaernachrichten.de\/index.php?rest_route=%2Fwp%2Fv2%2Fmedia&parent=8046"}],"wp:term":[{"taxonomy":"category","embeddable":true,"href":"https:\/\/www.fuldaernachrichten.de\/index.php?rest_route=%2Fwp%2Fv2%2Fcategories&post=8046"},{"taxonomy":"post_tag","embeddable":true,"href":"https:\/\/www.fuldaernachrichten.de\/index.php?rest_route=%2Fwp%2Fv2%2Ftags&post=8046"}],"curies":[{"name":"wp","href":"https:\/\/api.w.org\/{rel}","templated":true}]}}