{"id":80457,"date":"2011-01-08T01:15:52","date_gmt":"2011-01-08T01:15:52","guid":{"rendered":"http:\/\/www.fuldaer-nachrichten.de\/?p=80457"},"modified":"2011-01-07T12:16:06","modified_gmt":"2011-01-07T12:16:06","slug":"krippenweg-2010-beendet-zuwachs-fuer-die-internationale-krippenausstellung","status":"publish","type":"post","link":"https:\/\/www.fuldaernachrichten.de\/?p=80457","title":{"rendered":"Krippenweg 2010 beendet \u2013 Zuwachs f\u00fcr die internationale Krippenausstellung"},"content":{"rendered":"<p><strong><a href=\"http:\/\/www.fuldaer-nachrichten.de\/wp-content\/uploads\/2011\/01\/110107_Gro\u00dfenlueder.jpg\"><img fetchpriority=\"high\" decoding=\"async\" class=\"alignleft size-thumbnail wp-image-80458\" title=\"110107_Gro\u00dfenlueder\" src=\"http:\/\/www.fuldaer-nachrichten.de\/wp-content\/uploads\/2011\/01\/110107_Gro\u00dfenlueder-265x198.jpg\" alt=\"\" width=\"265\" height=\"198\" \/><\/a>Gro\u00dfenl\u00fcder. <\/strong>Am vergangenen Sonntag endete der Krippenweg 2010, des Kultur-, Heimat- und Geschichtsvereins der Gemeinde Gro\u00dfenl\u00fcder e.V., mit einer Abschlussveranstaltung vor dem stiftskapitularischen Amtshaus. Tausende von Besuchern waren von der Gestaltung des Weges und der Vielf\u00e4ltigkeit der gezeigten Arbeiten begeistert. Der Veranstalter zeigt sich zufrieden mit der Besucherresonanz. \u201eF\u00fcr viele der Besucher ist der allj\u00e4hrliche Besuch des Krippenweges in Gro\u00dfenl\u00fcder bereits zu einem festen Ritual in der Advents- und Weihnachtszeit geworden.\u201c So der 1. Vorsitzende des Vereins Thomas Mohr.<!--more--><\/p>\n<p>B\u00fcrgermeister Werner Dietrich stellt erfreut fest: \u201eHier in Gro\u00dfenl\u00fcder ist mit dem Krippenweg und der Internationalen Krippenausstellung etwas Einmaliges geschaffen worden, das Einheimische, wie auch den vielen G\u00e4sten, den Familien ein ganz besonderes Erlebnis erm\u00f6glicht und einen bleibenden Eindruck hinterl\u00e4sst. Wer das Original sehen und erleben will, der findet es ausschlie\u00dflich in Gro\u00dfenl\u00fcder. Es ist unser erkl\u00e4rtes Ziel, sowohl die Krippenausstellung wie auch den Krippenweg zusammen mit dem Kultur-, Heimat- und Geschichtsverein sowie den B\u00fcrgerinnen und B\u00fcrgern weiter zu entwickeln. Aus diesem Grunde wird die Gemeinde auf k\u00fcnftig gerne finanzielle Unterst\u00fctzung gew\u00e4hren. \u201c<\/p>\n<p>Der Verein und die Gemeinde erwarben f\u00fcr die Erweiterung der internationalen Krippenausstellung gemeinsam \u201eDie Flucht nach \u00c4gypten\u201c eine Arbeit des Holzbildhauers Edgar Vorndran aus Hohenroth, Leutershausen.<\/p>\n","protected":false},"excerpt":{"rendered":"<div class=\"tmnf_excerpt\"><p>Gro\u00dfenl\u00fcder. Am vergangenen Sonntag endete der Krippenweg 2010, des Kultur-, Heimat- und Geschichtsvereins der Gemeinde Gro\u00dfenl\u00fcder e.V., mit einer Abschlussveranstaltung vor dem stiftskapitularischen Amtshaus. Tausende von Besuchern waren von der Gestaltung des Weges und der Vielf\u00e4ltigkeit der gezeigten Arbeiten begeistert. Der Veranstalter zeigt sich zufrieden mit der Besucherresonanz. \u201eF\u00fcr viele der Besucher ist der allj\u00e4hrliche &hellip;<\/p>\n<\/div>","protected":false},"author":1,"featured_media":0,"comment_status":"closed","ping_status":"closed","sticky":false,"template":"","format":"standard","meta":{"footnotes":""},"categories":[1],"tags":[],"class_list":["post-80457","post","type-post","status-publish","format-standard","hentry","category-startseite"],"_links":{"self":[{"href":"https:\/\/www.fuldaernachrichten.de\/index.php?rest_route=\/wp\/v2\/posts\/80457","targetHints":{"allow":["GET"]}}],"collection":[{"href":"https:\/\/www.fuldaernachrichten.de\/index.php?rest_route=\/wp\/v2\/posts"}],"about":[{"href":"https:\/\/www.fuldaernachrichten.de\/index.php?rest_route=\/wp\/v2\/types\/post"}],"author":[{"embeddable":true,"href":"https:\/\/www.fuldaernachrichten.de\/index.php?rest_route=\/wp\/v2\/users\/1"}],"replies":[{"embeddable":true,"href":"https:\/\/www.fuldaernachrichten.de\/index.php?rest_route=%2Fwp%2Fv2%2Fcomments&post=80457"}],"version-history":[{"count":2,"href":"https:\/\/www.fuldaernachrichten.de\/index.php?rest_route=\/wp\/v2\/posts\/80457\/revisions"}],"predecessor-version":[{"id":80470,"href":"https:\/\/www.fuldaernachrichten.de\/index.php?rest_route=\/wp\/v2\/posts\/80457\/revisions\/80470"}],"wp:attachment":[{"href":"https:\/\/www.fuldaernachrichten.de\/index.php?rest_route=%2Fwp%2Fv2%2Fmedia&parent=80457"}],"wp:term":[{"taxonomy":"category","embeddable":true,"href":"https:\/\/www.fuldaernachrichten.de\/index.php?rest_route=%2Fwp%2Fv2%2Fcategories&post=80457"},{"taxonomy":"post_tag","embeddable":true,"href":"https:\/\/www.fuldaernachrichten.de\/index.php?rest_route=%2Fwp%2Fv2%2Ftags&post=80457"}],"curies":[{"name":"wp","href":"https:\/\/api.w.org\/{rel}","templated":true}]}}