{"id":80420,"date":"2011-01-07T01:04:48","date_gmt":"2011-01-07T01:04:48","guid":{"rendered":"http:\/\/www.fuldaer-nachrichten.de\/?p=80420"},"modified":"2011-01-07T09:06:18","modified_gmt":"2011-01-07T09:06:18","slug":"katholische-arbeitnehmer-bewegung-verzicht-auf-sonntagseinkauf-ist-zeichen-von-freiheit","status":"publish","type":"post","link":"https:\/\/www.fuldaernachrichten.de\/?p=80420","title":{"rendered":"Katholische Arbeitnehmer-Bewegung: &#8220;Verzicht auf Sonntagseinkauf ist Zeichen von Freiheit&#8221;"},"content":{"rendered":"<p><strong>Fulda.<\/strong> Gro\u00dfe Anerkennung fanden die \u00c4u\u00dferungen des Fuldaer Bischofs Heinz Josef Algermissen zum arbeitsfreien Sonntag im Rahmen des diesj\u00e4hrigen Neujahrsempfangs bei den Di\u00f6zesanverb\u00e4nden der Katholischen Arbeitnehmer-Bewegung (KAB), Kolpingwerk und Katholikenrat. Sie stimmen uneingeschr\u00e4nkt mit dem Fuldaer Oberhirten \u00fcberein, dass ein hohes, vom Grundgesetz unter besonderen Schutz gestelltes Kulturgut, nicht dem wirtschaftlichen Denken unterworfen werden darf. \u201eWie der Bischof\u201c, so der Gesch\u00e4ftsf\u00fchrer des Kolpingwerks, Stefan Sorek, \u201erufen wir alle Christen dazu auf, auf sonnt\u00e4gliche Eink\u00e4ufe bewusst zu verzichten.\u201c<!--more--><\/p>\n<p>Die Laienvertreter wenden sich damit ausdr\u00fccklich gegen die Forderung des Fuldaer Fraktionschefs der Gr\u00fcnen Ernst Sporer, dass der Bischof sich aus dem Thema heraushalten solle. Im Gegenteil begr\u00fc\u00dfen sie die Deutlichkeit der Stellungnahme. \u201eEs ist wichtig, dass ein Bischof die umfassende Bedeutung des Sonntags hervorhebt und alle Christen anmahnt, dieses Gut zu wahren\u201c, so der Vorsitzende des Katholikenrats Richard Pfeifer. Der arbeitsfreie Sonntag sei kein religi\u00f6ses Dogma sondern er biete Menschen die M\u00f6glichkeit, Zeit zum Beispiel mit Familie oder Freunden zu verbringen. Diese in sozialer Verantwortung genutzte Freiheit wolle das Grundgesetz sch\u00fctzen.<\/p>\n<p>\u201eDie von den Vertretern des Handels propagierte Freiheit, einkaufen zu k\u00f6nnen, bedeutet dagegen nichts anderes als die Unterwerfung des Menschen unter das Diktat des Konsums\u201c, erg\u00e4nzt KAB Di\u00f6zesansekret\u00e4r Michael Schmitt. Offensichtlich fehle es im Einzelhandel an kreativen K\u00f6pfen das Einkaufen grunds\u00e4tzlich verbraucherfreundlicher zu gestalten. \u201eEs ist ein Armutszeugnis, wenn mit dem Sonntag ein vor allem christlich hohes Gut dem Profit geopfert wird und andererseits aber alle Gelegenheiten, die einzig aus der christlichen Pr\u00e4gung unseres Landes hervorgegangen sind, bis zum Letzten kommerzialisiert werden\u201c, bemerkt Schmitt und weiter \u201eohne das christliche Weihnachtsfest g\u00e4be es die enormen Ums\u00e4tze der Vorweihnachtszeit nicht.\u201c<\/p>\n<p>Die Verb\u00e4nde und der Katholikenrat sind sich dar\u00fcber einig, dass auch unter Christen die Wertsch\u00e4tzung des Sonntag wieder st\u00e4rker bewusst gemacht werden muss. So werden in der Hessischen Allianz f\u00fcr den freien Sonntag auch verschieden Ma\u00dfnahmen geplant, die dieses Ansinnen unterst\u00fctzen. Das Schlusswort des Bischofs zum Sonntag kann von der Internetseite <a href=\"http:\/\/www.kab-fulda.de\/\">www.kab-fulda.de<\/a> heruntergeladen werden.<\/p>\n","protected":false},"excerpt":{"rendered":"<div class=\"tmnf_excerpt\"><p>Fulda. Gro\u00dfe Anerkennung fanden die \u00c4u\u00dferungen des Fuldaer Bischofs Heinz Josef Algermissen zum arbeitsfreien Sonntag im Rahmen des diesj\u00e4hrigen Neujahrsempfangs bei den Di\u00f6zesanverb\u00e4nden der Katholischen Arbeitnehmer-Bewegung (KAB), Kolpingwerk und Katholikenrat. Sie stimmen uneingeschr\u00e4nkt mit dem Fuldaer Oberhirten \u00fcberein, dass ein hohes, vom Grundgesetz unter besonderen Schutz gestelltes Kulturgut, nicht dem wirtschaftlichen Denken unterworfen werden darf. &hellip;<\/p>\n<\/div>","protected":false},"author":1,"featured_media":0,"comment_status":"closed","ping_status":"closed","sticky":false,"template":"","format":"standard","meta":{"footnotes":""},"categories":[1,50],"tags":[],"class_list":["post-80420","post","type-post","status-publish","format-standard","hentry","category-startseite","category-kirche"],"_links":{"self":[{"href":"https:\/\/www.fuldaernachrichten.de\/index.php?rest_route=\/wp\/v2\/posts\/80420","targetHints":{"allow":["GET"]}}],"collection":[{"href":"https:\/\/www.fuldaernachrichten.de\/index.php?rest_route=\/wp\/v2\/posts"}],"about":[{"href":"https:\/\/www.fuldaernachrichten.de\/index.php?rest_route=\/wp\/v2\/types\/post"}],"author":[{"embeddable":true,"href":"https:\/\/www.fuldaernachrichten.de\/index.php?rest_route=\/wp\/v2\/users\/1"}],"replies":[{"embeddable":true,"href":"https:\/\/www.fuldaernachrichten.de\/index.php?rest_route=%2Fwp%2Fv2%2Fcomments&post=80420"}],"version-history":[{"count":2,"href":"https:\/\/www.fuldaernachrichten.de\/index.php?rest_route=\/wp\/v2\/posts\/80420\/revisions"}],"predecessor-version":[{"id":80437,"href":"https:\/\/www.fuldaernachrichten.de\/index.php?rest_route=\/wp\/v2\/posts\/80420\/revisions\/80437"}],"wp:attachment":[{"href":"https:\/\/www.fuldaernachrichten.de\/index.php?rest_route=%2Fwp%2Fv2%2Fmedia&parent=80420"}],"wp:term":[{"taxonomy":"category","embeddable":true,"href":"https:\/\/www.fuldaernachrichten.de\/index.php?rest_route=%2Fwp%2Fv2%2Fcategories&post=80420"},{"taxonomy":"post_tag","embeddable":true,"href":"https:\/\/www.fuldaernachrichten.de\/index.php?rest_route=%2Fwp%2Fv2%2Ftags&post=80420"}],"curies":[{"name":"wp","href":"https:\/\/api.w.org\/{rel}","templated":true}]}}